{"id":8951,"date":"2025-02-02T20:31:06","date_gmt":"2025-02-03T00:31:06","guid":{"rendered":"https:\/\/agromt.news\/?p=8951"},"modified":"2025-02-02T20:31:06","modified_gmt":"2025-02-03T00:31:06","slug":"selic-atinge-1325-e-expectativa-de-inflacao-cresce","status":"publish","type":"post","link":"https:\/\/agromt.news\/?p=8951","title":{"rendered":"Selic atinge 13,25% e expectativa de infla\u00e7\u00e3o cresce"},"content":{"rendered":"<p> <br \/>\n<\/p>\n<div>\n<div class=\"row\">\n<div class=\"col-lg col-infos mt-3 mt-lg-0\">\n<div class=\"section-sub-title\">\n<p itemprop=\"description\">&#13;<br \/>\n                                O Copom ajustou sua proje\u00e7\u00e3o de infla\u00e7\u00e3o no horizonte relevante da pol\u00edtica monet\u00e1ria&#13;\n                            <\/p>\n<\/p><\/div>\n<div class=\"container\">\n<div class=\"row\">\n<div class=\"col-lg p-0\">\n<div>\n<div class=\"block-news-main-infos mt-3 text-start\">\n<p>                                            <strong class=\"fn\" itemprop=\"author\" style=\"color: rgb(112, 112, 112); \">&#13;<br \/>\n                                                <a href=\"https:\/\/www.agrolink.com.br\/noticias\/javascript:;\" class=\"text-uppercase\" target=\"_blank\" style=\"color: rgb(112, 112, 112); \" rel=\"noopener\">Agrolink<\/a>&#13;<br \/>\n&#13;<br \/>\n                                                    &#8211; Leonardo Gottems&#13;<br \/>\n&#13;<br \/>\n                                            <\/strong><br \/>\n                                        <\/p>\n<p>                                            <abbr><time datetime=\"2025-02-01T09:53\" itemprop=\"datePublished dateModified\">Publicado em 01\/02\/2025 \u00e0s 09:53h.<\/time><\/abbr><br \/>\n                                            <\/p><\/div>\n<\/p><\/div>\n<\/p><\/div>\n<div class=\"col-lg p-0 text-lg-end\">\n<div>\n<div id=\"mdEnviarPagina\" class=\"modal fade\" role=\"dialog\">\n<div class=\"modal-dialog\">\n<div class=\"modal-content\">\n<div class=\"modal-body\">\n<p><strong>Estimado usu\u00e1rio.<\/strong><br \/>Preencha o formul\u00e1rio abaixo para remeter a p\u00e1gina.<\/p>\n<\/p><\/div>\n<\/p><\/div>\n<\/p><\/div>\n<\/div><\/div>\n<\/p><\/div>\n<\/p><\/div>\n<\/p><\/div>\n<\/p><\/div>\n<\/p><\/div>\n<div class=\"row justify-content-md-center mt-3\">\n<div class=\"col-lg-auto col-image  block-news-main-image d-none d-md-block\">\n<p>                                <img decoding=\"async\" src=\"https:\/\/www.agrolink.com.br\/upload\/imagens-resizes\/3affa8c1d1e14f30bb211bdf32a6085f_858x483.jpg\" class=\"lazyload \" alt=\"O Copom ajustou sua proje\u00e7\u00e3o de infla\u00e7\u00e3o no horizonte relevante da pol\u00edtica monet\u00e1ria \"\/><br \/>\n                                                <span class=\"d-block mt-1\">O Copom ajustou sua proje\u00e7\u00e3o de infla\u00e7\u00e3o no horizonte relevante da pol\u00edtica monet\u00e1ria  &#8211; Foto: Pixabay<\/span><\/p><\/div>\n<\/p><\/div>\n<div class=\"section-description section-description-noticias mt-3\">\n<p>Na primeira reuni\u00e3o com Gabriel Gal\u00edpolo como presidente do Banco Central, o Comit\u00ea de Pol\u00edtica Monet\u00e1ria (Copom) decidiu, por unanimidade, elevar a taxa Selic em 100 pontos base, fixando-a em 13,25%. A decis\u00e3o seguiu as expectativas do mercado, que observa uma deteriora\u00e7\u00e3o nas proje\u00e7\u00f5es de infla\u00e7\u00e3o. Para 2025, a expectativa passou de 4,6% para 5,5%, e para o terceiro trimestre de 2026, a proje\u00e7\u00e3o foi ajustada de 4,0% para 4,4%. Al\u00e9m disso, as previs\u00f5es para 2026 e 2027 tamb\u00e9m subiram, passando para 4,2% e 3,9%, respectivamente.&#13;\n<\/p>\n<p>O Copom ajustou sua proje\u00e7\u00e3o de infla\u00e7\u00e3o no horizonte relevante da pol\u00edtica monet\u00e1ria (3T26) para 4,0%, 20 pontos base acima da reuni\u00e3o de dezembro de 2024 e 100 pontos base acima da meta. Esse ajuste reflete as expectativas do mercado de que a Selic atingir\u00e1 15,00% at\u00e9 junho de 2025, com estabilidade nas taxas no segundo semestre de 2025. O Comit\u00ea continua a ver uma assimetria altista no balan\u00e7o de riscos \u00e0 infla\u00e7\u00e3o, destacando a deprecia\u00e7\u00e3o do c\u00e2mbio como risco inflacion\u00e1rio maior, mas tamb\u00e9m mencionando a poss\u00edvel desacelera\u00e7\u00e3o da atividade econ\u00f4mica dom\u00e9stica como fator baixista.&#13;\n<\/p>\n<p>O Copom manteve o guidance de alta de 100 pontos base para a pr\u00f3xima reuni\u00e3o, em mar\u00e7o de 2025, mas n\u00e3o se comprometeu com ajustes nas reuni\u00f5es subsequentes. O Rabobank acredita que a Selic atingir\u00e1 15,00% em 2025, com uma alta adicional de 50 pontos base em maio e 25 pontos base em junho. Cortes de juros s\u00e3o esperados a partir de 2026, caso as expectativas de infla\u00e7\u00e3o se alinhem com a meta de 3,0%. A ata da reuni\u00e3o, a ser divulgada na pr\u00f3xima ter\u00e7a-feira, trar\u00e1 mais detalhes sobre as an\u00e1lises do Banco Central. As informa\u00e7\u00f5es s\u00e3o do Rabobank.<br \/>&#13;<br \/>\n\u00a0&#13;\n<\/p>\n<\/p><\/div>\n<\/p><\/div>\n<p><script data-cfasync=\"false\">\n    !function (f, b, e, v, n, t, s) {\n        if (f.fbq) return; n = f.fbq = function () {\n            n.callMethod ?\n                n.callMethod.apply(n, arguments) : n.queue.push(arguments)\n        };\n        if (!f._fbq) f._fbq = n; n.push = n; n.loaded = !0; n.version = '2.0';\n        n.queue = []; t = b.createElement(e); t.async = !0;\n        t.src = v; s = b.getElementsByTagName(e)[0];\n        s.parentNode.insertBefore(t, s)\n    }(window, document, 'script',\n        'https:\/\/connect.facebook.net\/en_US\/fbevents.js');\n    fbq('init', '522546078623747');\n    fbq('track', 'PageView');\n<\/script><br \/>\n<br \/><br \/>\n<br \/><a href=\"https:\/\/www.agrolink.com.br\/noticias\/selic-atinge-13-25--e-expectativa-de-inflacao-cresce_498951.html\">Source link <\/a><\/p>\n","protected":false},"excerpt":{"rendered":"<p>&#13; O Copom ajustou sua proje\u00e7\u00e3o de infla\u00e7\u00e3o no horizonte relevante da pol\u00edtica monet\u00e1ria&#13; &#13; Agrolink&#13; &#13; &#8211; Leonardo Gottems&#13;<\/p>\n","protected":false},"author":1,"featured_media":8952,"comment_status":"open","ping_status":"open","sticky":false,"template":"","format":"standard","meta":{"_monsterinsights_skip_tracking":false,"_monsterinsights_sitenote_active":false,"_monsterinsights_sitenote_note":"","_monsterinsights_sitenote_category":0,"_uf_show_specific_survey":0,"_uf_disable_surveys":false,"footnotes":""},"categories":[8,1,14],"tags":[],"class_list":["post-8951","post","type-post","status-publish","format-standard","has-post-thumbnail","hentry","category-agro","category-news","category-politica-agro"],"_links":{"self":[{"href":"https:\/\/agromt.news\/index.php?rest_route=\/wp\/v2\/posts\/8951"}],"collection":[{"href":"https:\/\/agromt.news\/index.php?rest_route=\/wp\/v2\/posts"}],"about":[{"href":"https:\/\/agromt.news\/index.php?rest_route=\/wp\/v2\/types\/post"}],"author":[{"embeddable":true,"href":"https:\/\/agromt.news\/index.php?rest_route=\/wp\/v2\/users\/1"}],"replies":[{"embeddable":true,"href":"https:\/\/agromt.news\/index.php?rest_route=%2Fwp%2Fv2%2Fcomments&post=8951"}],"version-history":[{"count":0,"href":"https:\/\/agromt.news\/index.php?rest_route=\/wp\/v2\/posts\/8951\/revisions"}],"wp:featuredmedia":[{"embeddable":true,"href":"https:\/\/agromt.news\/index.php?rest_route=\/wp\/v2\/media\/8952"}],"wp:attachment":[{"href":"https:\/\/agromt.news\/index.php?rest_route=%2Fwp%2Fv2%2Fmedia&parent=8951"}],"wp:term":[{"taxonomy":"category","embeddable":true,"href":"https:\/\/agromt.news\/index.php?rest_route=%2Fwp%2Fv2%2Fcategories&post=8951"},{"taxonomy":"post_tag","embeddable":true,"href":"https:\/\/agromt.news\/index.php?rest_route=%2Fwp%2Fv2%2Ftags&post=8951"}],"curies":[{"name":"wp","href":"https:\/\/api.w.org\/{rel}","templated":true}]}}