{"id":8948,"date":"2025-02-02T18:34:52","date_gmt":"2025-02-02T22:34:52","guid":{"rendered":"https:\/\/agromt.news\/?p=8948"},"modified":"2025-02-02T18:34:52","modified_gmt":"2025-02-02T22:34:52","slug":"producao-de-soja-e-milho-cai-na-argentina","status":"publish","type":"post","link":"https:\/\/agromt.news\/?p=8948","title":{"rendered":"Produ\u00e7\u00e3o de soja e milho cai na Argentina"},"content":{"rendered":"<p> <br \/>\n<\/p>\n<div>\n<div class=\"row\">\n<div class=\"col-lg col-infos mt-3 mt-lg-0\">\n<div class=\"section-sub-title\">\n<p itemprop=\"description\">&#13;<br \/>\n                                No milho, a semeadura avan\u00e7ou para 98,3% da \u00e1rea&#13;\n                            <\/p>\n<\/p><\/div>\n<div class=\"container\">\n<div class=\"row\">\n<div class=\"col-lg p-0\">\n<div>\n<div class=\"block-news-main-infos mt-3 text-start\">\n<p>                                            <strong class=\"fn\" itemprop=\"author\" style=\"color: rgb(112, 112, 112); \">&#13;<br \/>\n                                                <a href=\"https:\/\/www.agrolink.com.br\/noticias\/javascript:;\" class=\"text-uppercase\" target=\"_blank\" style=\"color: rgb(112, 112, 112); \" rel=\"noopener\">Agrolink<\/a>&#13;<br \/>\n&#13;<br \/>\n                                                    &#8211; Leonardo Gottems&#13;<br \/>\n&#13;<br \/>\n                                            <\/strong><br \/>\n                                        <\/p>\n<p>                                            <abbr><time datetime=\"2025-02-01T10:39\" itemprop=\"datePublished dateModified\">Publicado em 01\/02\/2025 \u00e0s 10:39h.<\/time><\/abbr><br \/>\n                                            <\/p><\/div>\n<\/p><\/div>\n<\/p><\/div>\n<div class=\"col-lg p-0 text-lg-end\">\n<div>\n<div id=\"mdEnviarPagina\" class=\"modal fade\" role=\"dialog\">\n<div class=\"modal-dialog\">\n<div class=\"modal-content\">\n<div class=\"modal-body\">\n<p><strong>Estimado usu\u00e1rio.<\/strong><br \/>Preencha o formul\u00e1rio abaixo para remeter a p\u00e1gina.<\/p>\n<\/p><\/div>\n<\/p><\/div>\n<\/p><\/div>\n<\/div><\/div>\n<\/p><\/div>\n<\/p><\/div>\n<\/p><\/div>\n<\/p><\/div>\n<\/p><\/div>\n<div class=\"row justify-content-md-center mt-3\">\n<div class=\"col-lg-auto col-image  block-news-main-image d-none d-md-block\">\n<p>                                <img decoding=\"async\" src=\"https:\/\/www.agrolink.com.br\/upload\/imagens-resizes\/4f51262166b947da8c3610ae71913816_858x483.jpg\" class=\"lazyload \" alt=\"A falta de umidade e as altas temperaturas impactaram a soja\"\/><br \/>\n                                                <span class=\"d-block mt-1\">A falta de umidade e as altas temperaturas impactaram a soja &#8211; Foto: Expodireto Cotrijal<\/span><\/p><\/div>\n<\/p><\/div>\n<div class=\"section-description section-description-noticias mt-3\">\n<p>A Bolsa de Cereais de Buenos Aires (BCBA) informou que a semeadura da <a href=\"https:\/\/www.agrolink.com.br\/culturas\/soja?utm_source=agrolink-detalhe-noticia&amp;utm_medium=detalhe-noticia&amp;utm_campaign=links-internos\" target=\"_blank\" rel=\"noopener\">soja<\/a> na Argentina est\u00e1 99,2% conclu\u00edda, restando apenas \u00e1reas no norte agr\u00edcola. Apesar das chuvas recentes em C\u00f3rdoba, sul de Santa F\u00e9 e Entre R\u00edos, as precipita\u00e7\u00f5es no norte de Buenos Aires foram irregulares. A condi\u00e7\u00e3o de cultivo Normal\/Boa caiu 5,6 pontos percentuais, enquanto a condi\u00e7\u00e3o h\u00eddrica Adequada\/\u00d3tima recuou 5 pontos.\u00a0&#13;\n<\/p>\n<p>A falta de umidade e as altas temperaturas impactaram a soja de primeira no N\u00facleo Sul e Centro-Leste de Entre R\u00edos, al\u00e9m da soja de segunda no N\u00facleo Sul e no Norte de La Pampa-Oeste de Buenos Aires. Com isso, a proje\u00e7\u00e3o de produ\u00e7\u00e3o foi reduzida em 1 milh\u00e3o de toneladas, para 49,6 milh\u00f5es de toneladas. \u00a0<\/p>\n<p>No milho, a semeadura avan\u00e7ou para 98,3% da \u00e1rea, com um progresso semanal de 3,2 pontos percentuais. A escassez de chuvas desde dezembro prejudicou a umidade do solo e limitou o potencial produtivo. As \u00e1reas mais afetadas est\u00e3o no centro-leste agr\u00edcola, especialmente no N\u00facleo Sul e no oeste de Buenos Aires.\u00a0&#13;\n<\/p>\n<p>Enquanto os milhos precoces semeados em setembro escaparam da estiagem, aqueles plantados entre outubro e novembro enfrentaram seu per\u00edodo cr\u00edtico sob seca severa. J\u00e1 os cultivos implantados em dezembro e janeiro mostram sinais de estresse h\u00eddrico, mas podem se recuperar caso as chuvas retornem. A estimativa de produ\u00e7\u00e3o caiu para 49 milh\u00f5es de toneladas, uma redu\u00e7\u00e3o de 1 milh\u00e3o de toneladas. \u00a0<\/p>\n<p>A colheita do girassol atingiu 4,7% da \u00e1rea, com rendimento m\u00e9dio de 19,7 qq\/ha. A falta de chuvas reduziu a condi\u00e7\u00e3o h\u00eddrica Adequada\/\u00d3tima para 45%, queda de 10 pontos percentuais na semana. A condi\u00e7\u00e3o Normal\/Excelente caiu 8 pontos, com piora no Sudoeste de Buenos Aires-Sul de La Pampa e no Sudeste de Buenos Aires.<br \/>&#13;<br \/>\n\u00a0&#13;\n<\/p>\n<\/p><\/div>\n<\/p><\/div>\n<p><script data-cfasync=\"false\">\n    !function (f, b, e, v, n, t, s) {\n        if (f.fbq) return; n = f.fbq = function () {\n            n.callMethod ?\n                n.callMethod.apply(n, arguments) : n.queue.push(arguments)\n        };\n        if (!f._fbq) f._fbq = n; n.push = n; n.loaded = !0; n.version = '2.0';\n        n.queue = []; t = b.createElement(e); t.async = !0;\n        t.src = v; s = b.getElementsByTagName(e)[0];\n        s.parentNode.insertBefore(t, s)\n    }(window, document, 'script',\n        'https:\/\/connect.facebook.net\/en_US\/fbevents.js');\n    fbq('init', '522546078623747');\n    fbq('track', 'PageView');\n<\/script><br \/>\n<br \/><br \/>\n<br \/><a href=\"https:\/\/www.agrolink.com.br\/noticias\/producao-de-soja-e-milho-cai-na-argentina_498952.html\">Source link <\/a><\/p>\n","protected":false},"excerpt":{"rendered":"<p>&#13; No milho, a semeadura avan\u00e7ou para 98,3% da \u00e1rea&#13; &#13; Agrolink&#13; &#13; &#8211; Leonardo Gottems&#13; &#13; Publicado em 01\/02\/2025<\/p>\n","protected":false},"author":1,"featured_media":4674,"comment_status":"open","ping_status":"open","sticky":false,"template":"","format":"standard","meta":{"_monsterinsights_skip_tracking":false,"_monsterinsights_sitenote_active":false,"_monsterinsights_sitenote_note":"","_monsterinsights_sitenote_category":0,"_uf_show_specific_survey":0,"_uf_disable_surveys":false,"footnotes":""},"categories":[8,1,14],"tags":[],"class_list":["post-8948","post","type-post","status-publish","format-standard","has-post-thumbnail","hentry","category-agro","category-news","category-politica-agro"],"_links":{"self":[{"href":"https:\/\/agromt.news\/index.php?rest_route=\/wp\/v2\/posts\/8948"}],"collection":[{"href":"https:\/\/agromt.news\/index.php?rest_route=\/wp\/v2\/posts"}],"about":[{"href":"https:\/\/agromt.news\/index.php?rest_route=\/wp\/v2\/types\/post"}],"author":[{"embeddable":true,"href":"https:\/\/agromt.news\/index.php?rest_route=\/wp\/v2\/users\/1"}],"replies":[{"embeddable":true,"href":"https:\/\/agromt.news\/index.php?rest_route=%2Fwp%2Fv2%2Fcomments&post=8948"}],"version-history":[{"count":0,"href":"https:\/\/agromt.news\/index.php?rest_route=\/wp\/v2\/posts\/8948\/revisions"}],"wp:featuredmedia":[{"embeddable":true,"href":"https:\/\/agromt.news\/index.php?rest_route=\/wp\/v2\/media\/4674"}],"wp:attachment":[{"href":"https:\/\/agromt.news\/index.php?rest_route=%2Fwp%2Fv2%2Fmedia&parent=8948"}],"wp:term":[{"taxonomy":"category","embeddable":true,"href":"https:\/\/agromt.news\/index.php?rest_route=%2Fwp%2Fv2%2Fcategories&post=8948"},{"taxonomy":"post_tag","embeddable":true,"href":"https:\/\/agromt.news\/index.php?rest_route=%2Fwp%2Fv2%2Ftags&post=8948"}],"curies":[{"name":"wp","href":"https:\/\/api.w.org\/{rel}","templated":true}]}}