{"id":8940,"date":"2025-02-02T17:08:19","date_gmt":"2025-02-02T21:08:19","guid":{"rendered":"https:\/\/agromt.news\/?p=8940"},"modified":"2025-02-02T17:08:19","modified_gmt":"2025-02-02T21:08:19","slug":"segunda-safra-2024-25-de-milho-deve-crescer-206-em-ms-diz-aprosoja","status":"publish","type":"post","link":"https:\/\/agromt.news\/?p=8940","title":{"rendered":"Segunda safra 2024\/25 de milho deve crescer 20,6% em MS, diz Aprosoja"},"content":{"rendered":"<p> <br \/>\n<br \/><img decoding=\"async\" src=\"https:\/\/agromt.news\/wp-content\/uploads\/2025\/02\/Segunda-safra-202425-de-milho-deve-crescer-206-em-MS.jpg\" \/><\/p>\n<div>\n<p>A produ\u00e7\u00e3o de milho segunda safra 2024\/25 em Mato Grosso do Sul deve atingir 10,2 milh\u00f5es de toneladas, crescimento de 20,6% em rela\u00e7\u00e3o ao ciclo anterior, segundo estimativas do Projeto Siga-MS, executado pela <a href=\"https:\/\/www.canalrural.com.br\/tag\/aprosoja\/\"><strong>Aprosoja<\/strong> <\/a>do estado.<\/p>\n<p>A \u00e1rea destinada ao cereal deve alcan\u00e7ar 2,2 milh\u00f5es de hectares, aumento de 0,1% ante 2023\/24, com produtividade m\u00e9dia esperada de 80,8 sacas por hectare, alta de 20,5% na compara\u00e7\u00e3o anual.<\/p>\n<\/div>\n<div>\n<p>O plantio j\u00e1 come\u00e7ou nas lavouras sul-matogrossenses. A regi\u00e3o sul \u00e9 a mais adiantada, com cerca de 6% da \u00e1rea prevista semeada. A regi\u00e3o centro j\u00e1 plantou 3,5% e a norte, 0,3%.<\/p>\n<p>Segundo a estimativa, a \u00e1rea plantada est\u00e1 0,7 ponto porcentual acima do registrado em igual per\u00edodo da safra passada.<\/p>\n<p>\u201cO melhor per\u00edodo para a semeadura do milho no estado de Mato Grosso do Sul geralmente \u00e9 entre meados de janeiro e mar\u00e7o. Esse per\u00edodo \u00e9 crucial para garantir que o milho tenha condi\u00e7\u00f5es clim\u00e1ticas adequadas para o desenvolvimento, especialmente em rela\u00e7\u00e3o \u00e0 disponibilidade de chuva e \u00e0 temperatura\u201d, disse em nota o coordenador t\u00e9cnico da Aprosoja\/MS, Gabriel Balta.<\/p>\n<\/p><\/div>\n<p><br \/>\n<br \/><a href=\"https:\/\/www.canalrural.com.br\/agricultura\/segunda-safra-2024-25-de-milho-deve-crescer-206-em-ms-diz-aprosoja\/\">Source link <\/a><\/p>\n","protected":false},"excerpt":{"rendered":"<p>A produ\u00e7\u00e3o de milho segunda safra 2024\/25 em Mato Grosso do Sul deve atingir 10,2 milh\u00f5es de toneladas, crescimento de<\/p>\n","protected":false},"author":1,"featured_media":8941,"comment_status":"open","ping_status":"open","sticky":false,"template":"","format":"standard","meta":{"_monsterinsights_skip_tracking":false,"_monsterinsights_sitenote_active":false,"_monsterinsights_sitenote_note":"","_monsterinsights_sitenote_category":0,"_uf_show_specific_survey":0,"_uf_disable_surveys":false,"footnotes":""},"categories":[1],"tags":[],"class_list":["post-8940","post","type-post","status-publish","format-standard","has-post-thumbnail","hentry","category-news"],"_links":{"self":[{"href":"https:\/\/agromt.news\/index.php?rest_route=\/wp\/v2\/posts\/8940"}],"collection":[{"href":"https:\/\/agromt.news\/index.php?rest_route=\/wp\/v2\/posts"}],"about":[{"href":"https:\/\/agromt.news\/index.php?rest_route=\/wp\/v2\/types\/post"}],"author":[{"embeddable":true,"href":"https:\/\/agromt.news\/index.php?rest_route=\/wp\/v2\/users\/1"}],"replies":[{"embeddable":true,"href":"https:\/\/agromt.news\/index.php?rest_route=%2Fwp%2Fv2%2Fcomments&post=8940"}],"version-history":[{"count":0,"href":"https:\/\/agromt.news\/index.php?rest_route=\/wp\/v2\/posts\/8940\/revisions"}],"wp:featuredmedia":[{"embeddable":true,"href":"https:\/\/agromt.news\/index.php?rest_route=\/wp\/v2\/media\/8941"}],"wp:attachment":[{"href":"https:\/\/agromt.news\/index.php?rest_route=%2Fwp%2Fv2%2Fmedia&parent=8940"}],"wp:term":[{"taxonomy":"category","embeddable":true,"href":"https:\/\/agromt.news\/index.php?rest_route=%2Fwp%2Fv2%2Fcategories&post=8940"},{"taxonomy":"post_tag","embeddable":true,"href":"https:\/\/agromt.news\/index.php?rest_route=%2Fwp%2Fv2%2Ftags&post=8940"}],"curies":[{"name":"wp","href":"https:\/\/api.w.org\/{rel}","templated":true}]}}