{"id":8938,"date":"2025-02-02T16:54:15","date_gmt":"2025-02-02T20:54:15","guid":{"rendered":"https:\/\/agromt.news\/?p=8938"},"modified":"2025-02-02T16:54:15","modified_gmt":"2025-02-02T20:54:15","slug":"ana-maria-braga-e-picada-por-escorpiao-em-sua-fazenda-no-interior-de-sao-paulo","status":"publish","type":"post","link":"https:\/\/agromt.news\/?p=8938","title":{"rendered":"Ana Maria Braga \u00e9 picada por escorpi\u00e3o em sua fazenda no interior de S\u00e3o Paulo"},"content":{"rendered":"<p> <br \/>\n<br \/><img decoding=\"async\" src=\"https:\/\/agromt.news\/wp-content\/uploads\/2025\/02\/Ana-Maria-Braga-e-picada-por-escorpiao-em-sua-fazenda.png\" \/><\/p>\n<div>\n<p>A apresentadora Ana Maria Braga, de 75 anos, precisou ser hospitalizada \u00e0s pressas nesse s\u00e1bado (1) ap\u00f3s ser picada por um escorpi\u00e3o em sua fazenda, em Botucatu, no interior de <strong><a href=\"https:\/\/www.canalrural.com.br\/tag\/sao-paulo\/\">S\u00e3o Paulo<\/a><\/strong>.<\/p>\n<p>A artista da Rede Globo fazia uma caminhada em sua propriedade quando pisou no aracn\u00eddeo e recebeu a ferroada. Assim, foi encaminhada ao Pronto-Socorro do Hospital das Cl\u00ednicas do munic\u00edpio. <\/p>\n<p>Ela ficou internada e recebeu os cuidados necess\u00e1rios para esse tipo de acidente. Apesar de casos do tipo demandarem cuidados imediatos, a assessoria de imprensa da apresentadora divulgou que Ana Maria passa bem e j\u00e1 est\u00e1 em casa. <\/p>\n<\/div>\n<div>\n<p>\u201cNa noite de ontem, Ana Maria Braga sofreu um incidente ao pisar em um escorpi\u00e3o. Imediatamente, procurou atendimento m\u00e9dico e recebeu os cuidados necess\u00e1rios. Est\u00e1 bem e em casa\u201d, afirmaram, em comunicado.<\/p>\n<p>Horas antes de ter sido picada, a apresentadora havia gravado um v\u00eddeo em sua fazenda, mostrando o amor que tem pelo lugar. \u201cAh, como eu amo essa fazenda. Tem lugares que a gente se sente bem, n\u00e9? Aqui eu at\u00e9 respiro diferente. Vem fazer um tour comigo pelo pomar da Fazenda Primavera. Nada mais lindo do que ver a vida brotar da terra\u201d, afirmou ela.<\/p>\n<p>Apesar do susto, os assessores da artista afirmaram que ela apresentar\u00e1 normalmente o programa Mais Voc\u00ea nesta segunda-feira (3).<\/p>\n<\/p><\/div>\n<p><br \/>\n<br \/><a href=\"https:\/\/www.canalrural.com.br\/diversos\/ana-maria-braga-e-picada-por-escorpiao-em-sua-fazenda-no-interior-de-sao-paulo\/\">Source link <\/a><\/p>\n","protected":false},"excerpt":{"rendered":"<p>A apresentadora Ana Maria Braga, de 75 anos, precisou ser hospitalizada \u00e0s pressas nesse s\u00e1bado (1) ap\u00f3s ser picada por<\/p>\n","protected":false},"author":1,"featured_media":8939,"comment_status":"open","ping_status":"open","sticky":false,"template":"","format":"standard","meta":{"_monsterinsights_skip_tracking":false,"_monsterinsights_sitenote_active":false,"_monsterinsights_sitenote_note":"","_monsterinsights_sitenote_category":0,"_uf_show_specific_survey":0,"_uf_disable_surveys":false,"footnotes":""},"categories":[1],"tags":[],"class_list":["post-8938","post","type-post","status-publish","format-standard","has-post-thumbnail","hentry","category-news"],"_links":{"self":[{"href":"https:\/\/agromt.news\/index.php?rest_route=\/wp\/v2\/posts\/8938"}],"collection":[{"href":"https:\/\/agromt.news\/index.php?rest_route=\/wp\/v2\/posts"}],"about":[{"href":"https:\/\/agromt.news\/index.php?rest_route=\/wp\/v2\/types\/post"}],"author":[{"embeddable":true,"href":"https:\/\/agromt.news\/index.php?rest_route=\/wp\/v2\/users\/1"}],"replies":[{"embeddable":true,"href":"https:\/\/agromt.news\/index.php?rest_route=%2Fwp%2Fv2%2Fcomments&post=8938"}],"version-history":[{"count":0,"href":"https:\/\/agromt.news\/index.php?rest_route=\/wp\/v2\/posts\/8938\/revisions"}],"wp:featuredmedia":[{"embeddable":true,"href":"https:\/\/agromt.news\/index.php?rest_route=\/wp\/v2\/media\/8939"}],"wp:attachment":[{"href":"https:\/\/agromt.news\/index.php?rest_route=%2Fwp%2Fv2%2Fmedia&parent=8938"}],"wp:term":[{"taxonomy":"category","embeddable":true,"href":"https:\/\/agromt.news\/index.php?rest_route=%2Fwp%2Fv2%2Fcategories&post=8938"},{"taxonomy":"post_tag","embeddable":true,"href":"https:\/\/agromt.news\/index.php?rest_route=%2Fwp%2Fv2%2Ftags&post=8938"}],"curies":[{"name":"wp","href":"https:\/\/api.w.org\/{rel}","templated":true}]}}