{"id":8937,"date":"2025-02-02T16:40:32","date_gmt":"2025-02-02T20:40:32","guid":{"rendered":"https:\/\/agromt.news\/?p=8937"},"modified":"2025-02-02T16:40:32","modified_gmt":"2025-02-02T20:40:32","slug":"nova-frente-fria-traz-chuva-superior-a-100-mm-e-alerta-de-temporais-durante-a-semana","status":"publish","type":"post","link":"https:\/\/agromt.news\/?p=8937","title":{"rendered":"Nova frente fria traz chuva superior a 100 mm e alerta de temporais durante a semana"},"content":{"rendered":"<p> <br \/>\n<br \/><img decoding=\"async\" src=\"https:\/\/agromt.news\/wp-content\/uploads\/2025\/01\/Inmet-preve-temporais-com-granizo-em-areas-de-tres-regioes.jpg\" \/><\/p>\n<div>\n<p>A primeira semana de fevereiro intensifica o tempo t\u00edpico do ver\u00e3o com chuva forte e calor\u00e3o em grande parte do pa\u00eds. No Sul e no Sudeste, a chegada de uma nova frente fria traz precipita\u00e7\u00f5es ainda mais fortes do que as que afetaram as duas regi\u00f5es nos \u00faltimos dias. Confira:<\/p>\n<h2 class=\"wp-block-heading\" id=\"h-sul\">Sul<\/h2>\n<p>N\u00e3o chove na maior parte do <strong><a href=\"https:\/\/www.canalrural.com.br\/nacional\/rio-grande-do-sul\/\">Rio Grande do Sul<\/a><\/strong> e o calor\u00e3o continua na Fronteira Oeste ga\u00facha. Risco de chuva moderada no litoral norte e na serra do estado.<\/p>\n<p>Chove em forma de pancadas em Santa Catarina. Risco de temporais no leste e litoral do <strong><a href=\"https:\/\/www.canalrural.com.br\/nacional\/parana\/\">Paran\u00e1<\/a><\/strong>. O tempo come\u00e7a a virar na regi\u00e3o a partir de quarta-feira (5) com o avan\u00e7o de uma nova frente fria levando chuva e temporais para quase todas as \u00e1reas do Sul.<\/p>\n<p>Em cinco dias, o volume de chuva deve chegar a aproximadamente <strong>100 mm<\/strong> nas faixas lestes catarinenses e paranaenses, o que pode causar alagamentos e transtornos nos trabalhos em campo. No Rio Grande do Sul, oeste de Santa Catarina e oeste do Paran\u00e1 o acumulado da semana varia entre 30 mm e 50 mm.<\/p>\n<p>A tend\u00eancia \u00e9 que o m\u00eas de fevereiro seja chuvoso em todos os estados, o que pode ajudar no enchimento de gr\u00e3os de algumas lavouras, especialmente em Santa Catarina e no Paran\u00e1, mas tamb\u00e9m pode trazer impactos devido ao excesso de umidade.<\/p>\n<h2 class=\"wp-block-heading\" id=\"h-sudeste\">Sudeste<\/h2>\n<p>A semana ainda come\u00e7a inst\u00e1vel com frente fria se deslocando na altura do Sudeste. Chove a qualquer momento em S\u00e3o Paulo e no Tri\u00e2ngulo de sul de Minas Gerais com risco alto de temporais, em volumes que podem chegar a <strong>100 mm<\/strong>, o que deve gerar estado de aten\u00e7\u00e3o. N\u00e3o chove no nordeste mineiro e nem no Esp\u00edrito Santo.<\/p>\n<p>No Rio de Janeiro, Esp\u00edrito Santo e centro-norte de Minas Gerais, semana mais ensolarada, com chuva acumulada de at\u00e9 15mm. O produtor deve aproveitar a janela de tempo firme para realizar o manejo do solo e o tratamento fitossanit\u00e1rio, principalmente nas lavouras de caf\u00e9 da regi\u00e3o.<\/p>\n<\/div>\n<div>\n<h2 class=\"wp-block-heading\" id=\"h-centro-oeste\">Centro-Oeste<\/h2>\n<p>N\u00e3o chove no oeste e sudoeste de Mato Grosso do Sul, mas as pancadas continuam nas demais \u00e1reas do estado. Dia de sol, temperaturas altas em Campo Grande e chuva \u00e0 tarde, t\u00edpico do ver\u00e3o. Tempo mais inst\u00e1vel no centro-leste e norte de <strong><a href=\"https:\/\/matogrosso.canalrural.com.br\/?_gl=1*yrfo51*_ga*MTMxNjg3NTY0MC4xNzMyOTc1NTY3*_ga_4Z7XXTBDRP*MTczODUwOTEyOS4xOC4xLjE3Mzg1MTM3ODAuMTcuMC4w*_ga_Y1X353CDF4*MTczODUwOTEyOS4xOC4xLjE3Mzg1MTM3NzkuMTguMC44ODQ5MDA4MzE.\">Mato Grosso<\/a><\/strong> e no estado de<br \/>Goi\u00e1s. <\/p>\n<p>Semana ainda chuvosa em territ\u00f3rio mato-grossense e em Goi\u00e1s com acumulados superiores a <strong>100 mm <\/strong>em cinco dias, o que continuar\u00e1 atrasando a colheita da soja e a semeadura do algod\u00e3o e do milho segunda safra. Em Mato Grosso do Sul, na por\u00e7\u00e3o sul, leste e nordeste do<br \/>estado, a chuva da semana gira em torno de 50 mm, mantendo a boa umidade do solo<br \/>sem prejudicar os trabalhos em campo. <\/p>\n<p>J\u00e1 na por\u00e7\u00e3o oeste e noroeste do estado, a chuva deve variar entre 10 e 20 mm, o que ainda ajuda na reposi\u00e7\u00e3o h\u00eddrica do solo e alivia o calor\u00e3o na regi\u00e3o.<\/p>\n<h2 class=\"wp-block-heading\" id=\"h-nordeste\">Nordeste<\/h2>\n<p>Muitas nuvens e chuva a qualquer momento no sul do Maranh\u00e3o, Piau\u00ed e oeste da Bahia. Chove em forma de pancadas com risco para raios no litoral maranhense e no Cear\u00e1. Pancadas mais irregulares com moderada intensidade nos litorais do Rio Grande do Norte, da Para\u00edba, de Pernambuco e da <strong><a href=\"https:\/\/www.canalrural.com.br\/nacional\/bahia\/\">Bahia<\/a><\/strong>. <\/p>\n<p>Em cinco dias a chuva \u00e9 mais volumosa no estado do Cear\u00e1, Rio Grande do Norte, Para\u00edba, centro norte do Maranh\u00e3o e centro norte do Piau\u00ed com 80 mm, o que prejudica os trabalhos em campo nestas regi\u00f5es que o solo se encontra com excesso de umidade. No sul maranhense, centro sul do Piau\u00ed, leste e oeste da Bahia, o acumulado da semana \u00e9 de, aproximadamente, 20 mm. <\/p>\n<p>Na por\u00e7\u00e3o central do territ\u00f3rio baiano, a semana \u00e9 mais seca, pois a chuva acumulada n\u00e3o deve chegar a 5 mm, provocando estresse h\u00eddrico nas lavouras de sequeiro.<\/p>\n<h2 class=\"wp-block-heading\" id=\"h-norte\">Norte<\/h2>\n<p>O tempo fica mais ensolarado pela manh\u00e3 em Manaus, mas chove forte \u00e0 tarde. Pancadas a qualquer momento no sul do Amazonas, no Par\u00e1, Tocantins, Amap\u00e1 e em Rond\u00f4nia, com risco alto de temporais. <\/p>\n<p>Semana chuvosa nos estados do Par\u00e1, Amap\u00e1, Roraima, Rond\u00f4nia, Acre e Amazonas com volume superior a <strong>100 mm <\/strong>em cinco dias, prejudicando os trabalhos de campo em todas as regi\u00f5es. Por\u00e9m, em Tocantins, a chuva deve dar uma tr\u00e9gua nos pr\u00f3ximos dias, com acumulado previsto entre 20 mm e 30 mm.<\/p>\n<\/p><\/div>\n<p><br \/>\n<br \/><a href=\"https:\/\/www.canalrural.com.br\/tempo\/nova-frente-fria-traz-chuva-superior-a-100-mm-e-alerta-de-temporais-durante-a-semana\/\">Source link <\/a><\/p>\n","protected":false},"excerpt":{"rendered":"<p>A primeira semana de fevereiro intensifica o tempo t\u00edpico do ver\u00e3o com chuva forte e calor\u00e3o em grande parte do<\/p>\n","protected":false},"author":1,"featured_media":8434,"comment_status":"open","ping_status":"open","sticky":false,"template":"","format":"standard","meta":{"_monsterinsights_skip_tracking":false,"_monsterinsights_sitenote_active":false,"_monsterinsights_sitenote_note":"","_monsterinsights_sitenote_category":0,"_uf_show_specific_survey":0,"_uf_disable_surveys":false,"footnotes":""},"categories":[1],"tags":[],"class_list":["post-8937","post","type-post","status-publish","format-standard","has-post-thumbnail","hentry","category-news"],"_links":{"self":[{"href":"https:\/\/agromt.news\/index.php?rest_route=\/wp\/v2\/posts\/8937"}],"collection":[{"href":"https:\/\/agromt.news\/index.php?rest_route=\/wp\/v2\/posts"}],"about":[{"href":"https:\/\/agromt.news\/index.php?rest_route=\/wp\/v2\/types\/post"}],"author":[{"embeddable":true,"href":"https:\/\/agromt.news\/index.php?rest_route=\/wp\/v2\/users\/1"}],"replies":[{"embeddable":true,"href":"https:\/\/agromt.news\/index.php?rest_route=%2Fwp%2Fv2%2Fcomments&post=8937"}],"version-history":[{"count":0,"href":"https:\/\/agromt.news\/index.php?rest_route=\/wp\/v2\/posts\/8937\/revisions"}],"wp:featuredmedia":[{"embeddable":true,"href":"https:\/\/agromt.news\/index.php?rest_route=\/wp\/v2\/media\/8434"}],"wp:attachment":[{"href":"https:\/\/agromt.news\/index.php?rest_route=%2Fwp%2Fv2%2Fmedia&parent=8937"}],"wp:term":[{"taxonomy":"category","embeddable":true,"href":"https:\/\/agromt.news\/index.php?rest_route=%2Fwp%2Fv2%2Fcategories&post=8937"},{"taxonomy":"post_tag","embeddable":true,"href":"https:\/\/agromt.news\/index.php?rest_route=%2Fwp%2Fv2%2Ftags&post=8937"}],"curies":[{"name":"wp","href":"https:\/\/api.w.org\/{rel}","templated":true}]}}