{"id":8930,"date":"2025-02-02T13:14:13","date_gmt":"2025-02-02T17:14:13","guid":{"rendered":"https:\/\/agromt.news\/?p=8930"},"modified":"2025-02-02T13:14:13","modified_gmt":"2025-02-02T17:14:13","slug":"grupo-entra-em-recuperacao-judicial-confira","status":"publish","type":"post","link":"https:\/\/agromt.news\/?p=8930","title":{"rendered":"Grupo entra em recupera\u00e7\u00e3o judicial: Confira"},"content":{"rendered":"<p> <br \/>\n<\/p>\n<div>\n<div class=\"row\">\n<div class=\"col-lg col-infos mt-3 mt-lg-0\">\n<div class=\"section-sub-title\">\n<p itemprop=\"description\">&#13;<br \/>\n                                Com a crise instalada, a recupera\u00e7\u00e3o judicial se tornou a \u00fanica alternativa&#13;\n                            <\/p>\n<\/p><\/div>\n<div class=\"container\">\n<div class=\"row\">\n<div class=\"col-lg p-0\">\n<div>\n<div class=\"block-news-main-infos mt-3 text-start\">\n<p>                                            <strong class=\"fn\" itemprop=\"author\" style=\"color: rgb(112, 112, 112); \">&#13;<br \/>\n                                                <a href=\"https:\/\/www.agrolink.com.br\/noticias\/javascript:;\" class=\"text-uppercase\" target=\"_blank\" style=\"color: rgb(112, 112, 112); \" rel=\"noopener\">Agrolink<\/a>&#13;<br \/>\n&#13;<br \/>\n                                                    &#8211; Leonardo Gottems&#13;<br \/>\n&#13;<br \/>\n                                            <\/strong><br \/>\n                                        <\/p>\n<p>                                            <abbr><time datetime=\"2025-02-01T13:56\" itemprop=\"datePublished dateModified\">Publicado em 01\/02\/2025 \u00e0s 13:56h.<\/time><\/abbr><br \/>\n                                            <\/p><\/div>\n<\/p><\/div>\n<\/p><\/div>\n<div class=\"col-lg p-0 text-lg-end\">\n<div>\n<div id=\"mdEnviarPagina\" class=\"modal fade\" role=\"dialog\">\n<div class=\"modal-dialog\">\n<div class=\"modal-content\">\n<div class=\"modal-body\">\n<p><strong>Estimado usu\u00e1rio.<\/strong><br \/>Preencha o formul\u00e1rio abaixo para remeter a p\u00e1gina.<\/p>\n<\/p><\/div>\n<\/p><\/div>\n<\/p><\/div>\n<\/div><\/div>\n<\/p><\/div>\n<\/p><\/div>\n<\/p><\/div>\n<\/p><\/div>\n<\/p><\/div>\n<div class=\"row justify-content-md-center mt-3\">\n<div class=\"col-lg-auto col-image  block-news-main-image d-none d-md-block\">\n<p>                                <img decoding=\"async\" src=\"https:\/\/www.agrolink.com.br\/upload\/imagens-resizes\/4208bfb9d3b849bd8a0a63deafe0fae9_858x483.jpg\" class=\"lazyload \" alt=\"Com a crise instalada, a recupera\u00e7\u00e3o judicial se tornou a \u00fanica alternativa\"\/><br \/>\n                                                <span class=\"d-block mt-1\">Com a crise instalada, a recupera\u00e7\u00e3o judicial se tornou a \u00fanica alternativa &#8211; Foto: Canva<\/span><\/p><\/div>\n<\/p><\/div>\n<div class=\"section-description section-description-noticias mt-3\">\n<p>O Grupo Ervania, com sede em Dourados-MS, entrou com pedido de recupera\u00e7\u00e3o judicial ap\u00f3s enfrentar uma grave crise financeira, impulsionada pela forte desvaloriza\u00e7\u00e3o da <a href=\"https:\/\/www.agrolink.com.br\/culturas\/soja?utm_source=agrolink-detalhe-noticia&amp;utm_medium=detalhe-noticia&amp;utm_campaign=links-internos\" target=\"_blank\" rel=\"noopener\">soja<\/a>, do <a href=\"https:\/\/www.agrolink.com.br\/culturas\/milho?utm_source=agrolink-detalhe-noticia&amp;utm_medium=detalhe-noticia&amp;utm_campaign=links-internos&#9;\" target=\"_blank\" rel=\"noopener\">milho<\/a> e da arroba do gado na safra 2023-2024. A empresa havia projetado um retorno financeiro com base em pre\u00e7os mais elevados, mas a queda brusca das cota\u00e7\u00f5es reduziu drasticamente sua receita, tornando as d\u00edvidas impag\u00e1veis. O grupo acumula passivos superiores a R$38 milh\u00f5es, sendo seus principais credores o Banco do Brasil, Sicredi, Sicoob e Caixa Econ\u00f4mica Federal. \u00a0&#13;\n<\/p>\n<p>De acordo com Douglas Duek, CEO da Quist Investimentos, uma das respons\u00e1veis pela reestrutura\u00e7\u00e3o, o impacto da queda de pre\u00e7os foi severo. \u201cFoi feita uma proje\u00e7\u00e3o considerando a valoriza\u00e7\u00e3o da soja e, quando os pre\u00e7os ca\u00edram, ficamos no zero a zero. Uma produ\u00e7\u00e3o que poderia gerar R$10 milh\u00f5es rendeu apenas R$6 milh\u00f5es, inviabilizando o pagamento dos compromissos financeiros assumidos\u201d, explicou. Com a crise instalada, a recupera\u00e7\u00e3o judicial se tornou a \u00fanica alternativa para evitar a paralisa\u00e7\u00e3o das opera\u00e7\u00f5es e demiss\u00f5es em massa. \u00a0&#13;\n<\/p>\n<p>O processo est\u00e1 sendo coordenado pelo escrit\u00f3rio Lucas Capil\u00e9 Advogados e pela Quist Investimentos, que j\u00e1 iniciaram negocia\u00e7\u00f5es com investidores e planejam revisar toda a estrutura financeira do grupo. Segundo Duek, a recupera\u00e7\u00e3o judicial permite congelar as d\u00edvidas e renegociar prazos mais longos, dando f\u00f4lego para que a empresa possa reestruturar seus pagamentos. Antes, o grupo tinha uma m\u00e9dia de cinco anos para quitar suas obriga\u00e7\u00f5es, mas agora precisar\u00e1 de mais de dez anos para acomodar os pagamentos no or\u00e7amento. \u00a0<br \/>&#13;<br \/>\n\u00a0&#13;\n<\/p>\n<\/p><\/div>\n<\/p><\/div>\n<p><script data-cfasync=\"false\">\n    !function (f, b, e, v, n, t, s) {\n        if (f.fbq) return; n = f.fbq = function () {\n            n.callMethod ?\n                n.callMethod.apply(n, arguments) : n.queue.push(arguments)\n        };\n        if (!f._fbq) f._fbq = n; n.push = n; n.loaded = !0; n.version = '2.0';\n        n.queue = []; t = b.createElement(e); t.async = !0;\n        t.src = v; s = b.getElementsByTagName(e)[0];\n        s.parentNode.insertBefore(t, s)\n    }(window, document, 'script',\n        'https:\/\/connect.facebook.net\/en_US\/fbevents.js');\n    fbq('init', '522546078623747');\n    fbq('track', 'PageView');\n<\/script><br \/>\n<br \/><br \/>\n<br \/><a href=\"https:\/\/www.agrolink.com.br\/noticias\/grupo-entra-em-recuperacao-judicial--confira_498954.html\">Source link <\/a><\/p>\n","protected":false},"excerpt":{"rendered":"<p>&#13; Com a crise instalada, a recupera\u00e7\u00e3o judicial se tornou a \u00fanica alternativa&#13; &#13; Agrolink&#13; &#13; &#8211; Leonardo Gottems&#13; &#13;<\/p>\n","protected":false},"author":1,"featured_media":1937,"comment_status":"open","ping_status":"open","sticky":false,"template":"","format":"standard","meta":{"_monsterinsights_skip_tracking":false,"_monsterinsights_sitenote_active":false,"_monsterinsights_sitenote_note":"","_monsterinsights_sitenote_category":0,"_uf_show_specific_survey":0,"_uf_disable_surveys":false,"footnotes":""},"categories":[8,1,14],"tags":[],"class_list":["post-8930","post","type-post","status-publish","format-standard","has-post-thumbnail","hentry","category-agro","category-news","category-politica-agro"],"_links":{"self":[{"href":"https:\/\/agromt.news\/index.php?rest_route=\/wp\/v2\/posts\/8930"}],"collection":[{"href":"https:\/\/agromt.news\/index.php?rest_route=\/wp\/v2\/posts"}],"about":[{"href":"https:\/\/agromt.news\/index.php?rest_route=\/wp\/v2\/types\/post"}],"author":[{"embeddable":true,"href":"https:\/\/agromt.news\/index.php?rest_route=\/wp\/v2\/users\/1"}],"replies":[{"embeddable":true,"href":"https:\/\/agromt.news\/index.php?rest_route=%2Fwp%2Fv2%2Fcomments&post=8930"}],"version-history":[{"count":0,"href":"https:\/\/agromt.news\/index.php?rest_route=\/wp\/v2\/posts\/8930\/revisions"}],"wp:featuredmedia":[{"embeddable":true,"href":"https:\/\/agromt.news\/index.php?rest_route=\/wp\/v2\/media\/1937"}],"wp:attachment":[{"href":"https:\/\/agromt.news\/index.php?rest_route=%2Fwp%2Fv2%2Fmedia&parent=8930"}],"wp:term":[{"taxonomy":"category","embeddable":true,"href":"https:\/\/agromt.news\/index.php?rest_route=%2Fwp%2Fv2%2Fcategories&post=8930"},{"taxonomy":"post_tag","embeddable":true,"href":"https:\/\/agromt.news\/index.php?rest_route=%2Fwp%2Fv2%2Ftags&post=8930"}],"curies":[{"name":"wp","href":"https:\/\/api.w.org\/{rel}","templated":true}]}}