{"id":8928,"date":"2025-02-02T12:17:32","date_gmt":"2025-02-02T16:17:32","guid":{"rendered":"https:\/\/agromt.news\/?p=8928"},"modified":"2025-02-02T12:17:32","modified_gmt":"2025-02-02T16:17:32","slug":"china-vai-apresentar-medida-judicial-contra-os-estados-unidos-na-omc-pelo-aumento-de-tarifas","status":"publish","type":"post","link":"https:\/\/agromt.news\/?p=8928","title":{"rendered":"China vai apresentar medida judicial contra os Estados Unidos na OMC pelo aumento de tarifas"},"content":{"rendered":"<p> <br \/>\n<br \/><img decoding=\"async\" src=\"https:\/\/agromt.news\/wp-content\/uploads\/2025\/02\/China-vai-apresentar-medida-judicial-contra-os-Estados-Unidos-na.jpg\" \/><\/p>\n<div>\n<p>O Minist\u00e9rio do Com\u00e9rcio da China afirma, em nota publicada neste domingo (2), que apresentar\u00e1 uma medida judicial contra os Estados Unidos na Organiza\u00e7\u00e3o Mundial do Com\u00e9rcio (OMC) e \u201ctomar\u00e1 medidas correspondentes para salvaguardar firmemente seus direitos e interesses\u201d, sem entrar em mais detalhes.<\/p>\n<p>A declara\u00e7\u00e3o ocorre no contexto da aplica\u00e7\u00e3o de tarifas de <strong>10%<\/strong> dos Estados Unidos contra produtos chineses, que deve come\u00e7ar a valer a partir de ter\u00e7a-feira (4), ap\u00f3s decreto assinado pelo presidente <strong><a href=\"https:\/\/www.canalrural.com.br\/tag\/trump\/\">Donald Trump<\/a><\/strong> no s\u00e1bado, 1\u00ba, relacionando a decis\u00e3o a \u201cquest\u00f5es como o fentanil\u201d, opioide utilizado como medica\u00e7\u00e3o para a dor.<\/p>\n<p>A China diz que \u201co aumento unilateral de tarifas por parte dos Estados Unidos viola gravemente as regras da Organiza\u00e7\u00e3o Mundial do Com\u00e9rcio\u201d e destaca estar \u201cfortemente insatisfeita\u201d com a decis\u00e3o.<\/p>\n<\/div>\n<div>\n<p>Para a segunda maior economia do mundo, a medida de aplicar tarifas por parte dos norte-americanos \u201cn\u00e3o s\u00f3 \u00e9 ineficaz na resolu\u00e7\u00e3o dos seus pr\u00f3prios problemas, mas tamb\u00e9m prejudica a coopera\u00e7\u00e3o econ\u00f4mica e comercial normal entre a China e os Estados Unidos\u201d.<\/p>\n<p>\u201cA China espera que os Estados Unidos vejam e tratem o seu pr\u00f3prio fentanil e outras quest\u00f5es de forma objetiva e racional, em vez de amea\u00e7arem outros pa\u00edses com tarifas. A China insta os Estados Unidos a corrigirem as suas pr\u00e1ticas erradas, a encontrarem um meio caminho com a China, a enfrentarem os problemas de frente, a se envolverem num di\u00e1logo sincero, a refor\u00e7arem a coopera\u00e7\u00e3o e a gerirem as diferen\u00e7as com base na igualdade, no benef\u00edcio m\u00fatuo e no respeito m\u00fatuo\u201d, completa a nota.<\/p>\n<p>O governo de Donald Trump coloca em pr\u00e1tica o plano de impor tarifas de <strong>25%<\/strong> para produtos importados do M\u00e9xico e do Canad\u00e1.<\/p>\n<\/p><\/div>\n<p><br \/>\n<br \/><a href=\"https:\/\/www.canalrural.com.br\/economia\/china-vai-apresentar-medida-judicial-contra-os-estados-unidos-na-omc-pelo-aumento-de-tarifas\/\">Source link <\/a><\/p>\n","protected":false},"excerpt":{"rendered":"<p>O Minist\u00e9rio do Com\u00e9rcio da China afirma, em nota publicada neste domingo (2), que apresentar\u00e1 uma medida judicial contra os<\/p>\n","protected":false},"author":1,"featured_media":8929,"comment_status":"open","ping_status":"open","sticky":false,"template":"","format":"standard","meta":{"_monsterinsights_skip_tracking":false,"_monsterinsights_sitenote_active":false,"_monsterinsights_sitenote_note":"","_monsterinsights_sitenote_category":0,"_uf_show_specific_survey":0,"_uf_disable_surveys":false,"footnotes":""},"categories":[1],"tags":[],"class_list":["post-8928","post","type-post","status-publish","format-standard","has-post-thumbnail","hentry","category-news"],"_links":{"self":[{"href":"https:\/\/agromt.news\/index.php?rest_route=\/wp\/v2\/posts\/8928"}],"collection":[{"href":"https:\/\/agromt.news\/index.php?rest_route=\/wp\/v2\/posts"}],"about":[{"href":"https:\/\/agromt.news\/index.php?rest_route=\/wp\/v2\/types\/post"}],"author":[{"embeddable":true,"href":"https:\/\/agromt.news\/index.php?rest_route=\/wp\/v2\/users\/1"}],"replies":[{"embeddable":true,"href":"https:\/\/agromt.news\/index.php?rest_route=%2Fwp%2Fv2%2Fcomments&post=8928"}],"version-history":[{"count":0,"href":"https:\/\/agromt.news\/index.php?rest_route=\/wp\/v2\/posts\/8928\/revisions"}],"wp:featuredmedia":[{"embeddable":true,"href":"https:\/\/agromt.news\/index.php?rest_route=\/wp\/v2\/media\/8929"}],"wp:attachment":[{"href":"https:\/\/agromt.news\/index.php?rest_route=%2Fwp%2Fv2%2Fmedia&parent=8928"}],"wp:term":[{"taxonomy":"category","embeddable":true,"href":"https:\/\/agromt.news\/index.php?rest_route=%2Fwp%2Fv2%2Fcategories&post=8928"},{"taxonomy":"post_tag","embeddable":true,"href":"https:\/\/agromt.news\/index.php?rest_route=%2Fwp%2Fv2%2Ftags&post=8928"}],"curies":[{"name":"wp","href":"https:\/\/api.w.org\/{rel}","templated":true}]}}