{"id":8927,"date":"2025-02-02T11:04:30","date_gmt":"2025-02-02T15:04:30","guid":{"rendered":"https:\/\/agromt.news\/?p=8927"},"modified":"2025-02-02T11:04:30","modified_gmt":"2025-02-02T15:04:30","slug":"cooperativas-impulsionam-embalagens-sustentaveis","status":"publish","type":"post","link":"https:\/\/agromt.news\/?p=8927","title":{"rendered":"Cooperativas impulsionam embalagens sustent\u00e1veis"},"content":{"rendered":"<p> <br \/>\n<\/p>\n<div>\n<div class=\"row\">\n<div class=\"col-lg col-infos mt-3 mt-lg-0\">\n<div class=\"section-sub-title\">\n<p itemprop=\"description\">&#13;<br \/>\n                                A ado\u00e7\u00e3o de embalagens recicl\u00e1veis ou biodegrad\u00e1veis atende ao perfil de consumidores&#13;\n                            <\/p>\n<\/p><\/div>\n<div class=\"container\">\n<div class=\"row\">\n<div class=\"col-lg p-0\">\n<div>\n<div class=\"block-news-main-infos mt-3 text-start\">\n<p>                                            <strong class=\"fn\" itemprop=\"author\" style=\"color: rgb(112, 112, 112); \">&#13;<br \/>\n                                                <a href=\"https:\/\/www.agrolink.com.br\/noticias\/javascript:;\" class=\"text-uppercase\" target=\"_blank\" style=\"color: rgb(112, 112, 112); \" rel=\"noopener\">Agrolink<\/a>&#13;<br \/>\n&#13;<br \/>\n                                                    &#8211; Leonardo Gottems&#13;<br \/>\n&#13;<br \/>\n                                            <\/strong><br \/>\n                                        <\/p>\n<p>                                            <abbr><time datetime=\"2025-02-01T14:13\" itemprop=\"datePublished dateModified\">Publicado em 01\/02\/2025 \u00e0s 14:13h.<\/time><\/abbr><br \/>\n                                            <\/p><\/div>\n<\/p><\/div>\n<\/p><\/div>\n<div class=\"col-lg p-0 text-lg-end\">\n<div>\n<div id=\"mdEnviarPagina\" class=\"modal fade\" role=\"dialog\">\n<div class=\"modal-dialog\">\n<div class=\"modal-content\">\n<div class=\"modal-body\">\n<p><strong>Estimado usu\u00e1rio.<\/strong><br \/>Preencha o formul\u00e1rio abaixo para remeter a p\u00e1gina.<\/p>\n<\/p><\/div>\n<\/p><\/div>\n<\/p><\/div>\n<\/div><\/div>\n<\/p><\/div>\n<\/p><\/div>\n<\/p><\/div>\n<\/p><\/div>\n<\/p><\/div>\n<div class=\"row justify-content-md-center mt-3\">\n<div class=\"col-lg-auto col-image  block-news-main-image d-none d-md-block\">\n<p>                                <img decoding=\"async\" src=\"https:\/\/www.agrolink.com.br\/upload\/imagens-resizes\/da956dd34b184a88a06addd971702142_858x483.jpg\" class=\"lazyload \" alt=\"A ado\u00e7\u00e3o de embalagens recicl\u00e1veis ou biodegrad\u00e1veis atende ao perfil de consumidores\"\/><br \/>\n                                                <span class=\"d-block mt-1\">A ado\u00e7\u00e3o de embalagens recicl\u00e1veis ou biodegrad\u00e1veis atende ao perfil de consumidores &#8211; Foto: Divulga\u00e7\u00e3o<\/span><\/p><\/div>\n<\/p><\/div>\n<div class=\"section-description section-description-noticias mt-3\">\n<p>O crescimento da demanda por produtos sustent\u00e1veis tem levado produtores rurais a se organizarem em cooperativas para adotar solu\u00e7\u00f5es que conciliam economia e responsabilidade ambiental. Uma das iniciativas em destaque \u00e9 o uso de embalagens sustent\u00e1veis, que agregam valor aos produtos agr\u00edcolas e ampliam sua competitividade no mercado. A import\u00e2ncia do cooperativismo foi reconhecida globalmente com a declara\u00e7\u00e3o de 2025 como o Ano Internacional das Cooperativas pela ONU, refor\u00e7ando seu papel estrat\u00e9gico. \u00a0&#13;\n<\/p>\n<p>A ado\u00e7\u00e3o de embalagens recicl\u00e1veis ou biodegrad\u00e1veis atende ao perfil de consumidores cada vez mais atentos \u00e0 sustentabilidade. Al\u00e9m de melhorar a percep\u00e7\u00e3o do produto, essa pr\u00e1tica contribui para a redu\u00e7\u00e3o de res\u00edduos e da pegada de carbono na produ\u00e7\u00e3o agr\u00edcola. No Brasil, mudan\u00e7as no uso do solo representam uma parcela significativa das emiss\u00f5es de gases de efeito estufa, tornando essencial a busca por alternativas mais ecol\u00f3gicas em todas as etapas da cadeia produtiva. \u00a0<\/p>\n<p>Ao se unirem, cooperativas conseguem reduzir custos, negociar melhores pre\u00e7os com fornecedores e compartilhar conhecimentos, tornando vi\u00e1vel a implementa\u00e7\u00e3o de solu\u00e7\u00f5es sustent\u00e1veis. O desenvolvimento de embalagens adaptadas \u00e0s necessidades do setor facilita a inser\u00e7\u00e3o dos produtos em mercados mais exigentes, ampliando as oportunidades para os produtores. \u00a0&#13;\n<\/p>\n<p>Apesar dos desafios, parcerias com institui\u00e7\u00f5es de pesquisa e incentivos financeiros t\u00eam impulsionado projetos sustent\u00e1veis no agroneg\u00f3cio. Com isso, cooperativas desempenham um papel fundamental na transforma\u00e7\u00e3o do setor, promovendo pr\u00e1ticas respons\u00e1veis que fortalecem a economia e preservam o meio ambiente.<br \/>&#13;<br \/>\n\u00a0<\/p>\n<\/p><\/div>\n<\/p><\/div>\n<p><script data-cfasync=\"false\">\n    !function (f, b, e, v, n, t, s) {\n        if (f.fbq) return; n = f.fbq = function () {\n            n.callMethod ?\n                n.callMethod.apply(n, arguments) : n.queue.push(arguments)\n        };\n        if (!f._fbq) f._fbq = n; n.push = n; n.loaded = !0; n.version = '2.0';\n        n.queue = []; t = b.createElement(e); t.async = !0;\n        t.src = v; s = b.getElementsByTagName(e)[0];\n        s.parentNode.insertBefore(t, s)\n    }(window, document, 'script',\n        'https:\/\/connect.facebook.net\/en_US\/fbevents.js');\n    fbq('init', '522546078623747');\n    fbq('track', 'PageView');\n<\/script><br \/>\n<br \/><br \/>\n<br \/><a href=\"https:\/\/www.agrolink.com.br\/noticias\/cooperativas-impulsionam-embalagens-sustentaveis_498955.html\">Source link <\/a><\/p>\n","protected":false},"excerpt":{"rendered":"<p>&#13; A ado\u00e7\u00e3o de embalagens recicl\u00e1veis ou biodegrad\u00e1veis atende ao perfil de consumidores&#13; &#13; Agrolink&#13; &#13; &#8211; Leonardo Gottems&#13; &#13;<\/p>\n","protected":false},"author":1,"featured_media":1646,"comment_status":"open","ping_status":"open","sticky":false,"template":"","format":"standard","meta":{"_monsterinsights_skip_tracking":false,"_monsterinsights_sitenote_active":false,"_monsterinsights_sitenote_note":"","_monsterinsights_sitenote_category":0,"_uf_show_specific_survey":0,"_uf_disable_surveys":false,"footnotes":""},"categories":[8,1,14],"tags":[],"class_list":["post-8927","post","type-post","status-publish","format-standard","has-post-thumbnail","hentry","category-agro","category-news","category-politica-agro"],"_links":{"self":[{"href":"https:\/\/agromt.news\/index.php?rest_route=\/wp\/v2\/posts\/8927"}],"collection":[{"href":"https:\/\/agromt.news\/index.php?rest_route=\/wp\/v2\/posts"}],"about":[{"href":"https:\/\/agromt.news\/index.php?rest_route=\/wp\/v2\/types\/post"}],"author":[{"embeddable":true,"href":"https:\/\/agromt.news\/index.php?rest_route=\/wp\/v2\/users\/1"}],"replies":[{"embeddable":true,"href":"https:\/\/agromt.news\/index.php?rest_route=%2Fwp%2Fv2%2Fcomments&post=8927"}],"version-history":[{"count":0,"href":"https:\/\/agromt.news\/index.php?rest_route=\/wp\/v2\/posts\/8927\/revisions"}],"wp:featuredmedia":[{"embeddable":true,"href":"https:\/\/agromt.news\/index.php?rest_route=\/wp\/v2\/media\/1646"}],"wp:attachment":[{"href":"https:\/\/agromt.news\/index.php?rest_route=%2Fwp%2Fv2%2Fmedia&parent=8927"}],"wp:term":[{"taxonomy":"category","embeddable":true,"href":"https:\/\/agromt.news\/index.php?rest_route=%2Fwp%2Fv2%2Fcategories&post=8927"},{"taxonomy":"post_tag","embeddable":true,"href":"https:\/\/agromt.news\/index.php?rest_route=%2Fwp%2Fv2%2Ftags&post=8927"}],"curies":[{"name":"wp","href":"https:\/\/api.w.org\/{rel}","templated":true}]}}