{"id":8925,"date":"2025-02-02T10:44:06","date_gmt":"2025-02-02T14:44:06","guid":{"rendered":"https:\/\/agromt.news\/?p=8925"},"modified":"2025-02-02T10:44:06","modified_gmt":"2025-02-02T14:44:06","slug":"estado-dobra-area-plantada-e-consolida-2a-maior-producao-do-brasil","status":"publish","type":"post","link":"https:\/\/agromt.news\/?p=8925","title":{"rendered":"estado dobra \u00e1rea plantada e consolida 2\u00aa maior produ\u00e7\u00e3o do Brasil"},"content":{"rendered":"<p> <br \/>\n<br \/><img decoding=\"async\" src=\"https:\/\/agromt.news\/wp-content\/uploads\/2025\/02\/estado-dobra-area-plantada-e-consolida-2a-maior-producao-do.jpg\" \/><\/p>\n<div>\n<p>Mato Grosso do Sul, segundo maior produtor de amendoim em casca do Brasil, atr\u00e1s apenas de S\u00e3o Paulo, registra crescimento expressivo no cultivo da leguminosa. A safra 2024\/2025 deve alcan\u00e7ar 42,3 mil hectares colhidos, quase o dobro da \u00e1rea da safra anterior, que foi de 21,2 mil hectares, segundo dados da Companhia Nacional de Abastecimento <strong><a href=\"http:\/\/www.canalrural.com.br\/tag\/conab\/\">(Conab)<\/a><\/strong>. <\/p>\n<p>A produ\u00e7\u00e3o estimada \u00e9 de 95,7 mil toneladas, um aumento de 126,5% em rela\u00e7\u00e3o \u00e0s 42,5 mil toneladas registradas na safra 2023\/2024.<\/p>\n<figure class=\"wp-block-embed is-type-video is-provider-youtube wp-block-embed-youtube wp-embed-aspect-16-9 wp-has-aspect-ratio\">\n<p>\n<iframe title=\"Amendoim: Mato Grosso do Sul se torna o 2\u00ba maior produtor do Brasil, atr\u00e1s de S\u00e3o Paulo\" width=\"800\" height=\"450\" src=\"https:\/\/www.youtube.com\/embed\/RMvFOnIHp1g?feature=oembed\" frameborder=\"0\" allow=\"accelerometer; autoplay; clipboard-write; encrypted-media; gyroscope; picture-in-picture; web-share\" referrerpolicy=\"strict-origin-when-cross-origin\" allowfullscreen><\/iframe><noscript><iframe title=\"Amendoim: Mato Grosso do Sul se torna o 2\u00ba maior produtor do Brasil, atr\u00e1s de S\u00e3o Paulo\" width=\"800\" height=\"450\" src=\"https:\/\/www.youtube.com\/embed\/RMvFOnIHp1g?feature=oembed\" frameborder=\"0\" allow=\"accelerometer; autoplay; clipboard-write; encrypted-media; gyroscope; picture-in-picture; web-share\" referrerpolicy=\"strict-origin-when-cross-origin\" allowfullscreen><\/iframe><\/noscript>\n<\/p>\n<\/figure>\n<p>O avan\u00e7o do amendoim em Mato Grosso do Sul \u00e9 parte de uma pol\u00edtica de diversifica\u00e7\u00e3o agr\u00edcola promovida pelo governo do estado. Segundo o titular da Secretaria de Meio Ambiente, Desenvolvimento, Ci\u00eancia, Tecnologia e Inova\u00e7\u00e3o (Semadesc), Jaime Verruck, o amendoim tem se consolidado como uma alternativa importante para a safra de ver\u00e3o, em \u00e1reas irrigadas e de sequeiro.<\/p>\n<p>\u201cTalvez sejamos o estado com a maior taxa de crescimento na \u00e1rea plantada de amendoim do pa\u00eds\u201d, afirmou.<\/p>\n<\/div>\n<div>\n<h2 class=\"wp-block-heading\" id=\"h-industrializacao-do-amendoim\"><strong>Industrializa\u00e7\u00e3o do amendoim<\/strong><\/h2>\n<p>O governo estadual tamb\u00e9m atraiu investimentos para a industrializa\u00e7\u00e3o do amendoim, como a instala\u00e7\u00e3o de uma unidade de beneficiamento da cooperativa Casul, em Bataguassu. Essa iniciativa busca reduzir a depend\u00eancia de amendoim de outros estados para atender a demanda de ind\u00fastrias locais. <\/p>\n<p>\u201cCom a chegada da Casul, criamos um encadeamento produtivo para fortalecer a cadeia do amendoim em Mato Grosso do Sul\u201d, disse Verruck.<\/p>\n<h2 class=\"wp-block-heading\" id=\"h-evento\"><strong>Evento<\/strong><\/h2>\n<p>Durante o 2\u00ba Dia do Amendoim, realizado em Gl\u00f3ria de Dourados, no m\u00eas de janeiro, o secret\u00e1rio-executivo da Semadesc, Rog\u00e9rio Beretta, destacou os esfor\u00e7os do governo para ampliar a cultura. Segundo ele, o amendoim \u00e9 uma alternativa para intensificar \u00e1reas de pastagem e \u00e9 tamb\u00e9m promissor para \u00e1reas arenosas, onde o risco no plantio de soja \u00e9 maior. <\/p>\n<p>\u201cPromovemos eventos como esse para apresentar tecnologias, incentivar o uso sustent\u00e1vel do solo e fomentar o crescimento da cultura de forma respons\u00e1vel\u201d, disse Beretta.<\/p>\n<p>Fernando Nascimento, coordenador do Plano Estadual de Manejo e Conserva\u00e7\u00e3o do Solo e \u00c1gua (Prosolo), refor\u00e7ou a import\u00e2ncia de pr\u00e1ticas sustent\u00e1veis na expans\u00e3o do amendoim. O evento contou com mais de mil participantes, incluindo agricultores, t\u00e9cnicos e especialistas, que discutiram inova\u00e7\u00f5es e o potencial da leguminosa no estado.<\/p>\n<\/p><\/div>\n<p><br \/>\n<br \/><a href=\"https:\/\/www.canalrural.com.br\/agricultura\/amendoim-estado-dobra-area-plantada-e-consolida-2a-maior-producao-do-brasil\/\">Source link <\/a><\/p>\n","protected":false},"excerpt":{"rendered":"<p>Mato Grosso do Sul, segundo maior produtor de amendoim em casca do Brasil, atr\u00e1s apenas de S\u00e3o Paulo, registra crescimento<\/p>\n","protected":false},"author":1,"featured_media":8926,"comment_status":"open","ping_status":"open","sticky":false,"template":"","format":"standard","meta":{"_monsterinsights_skip_tracking":false,"_monsterinsights_sitenote_active":false,"_monsterinsights_sitenote_note":"","_monsterinsights_sitenote_category":0,"_uf_show_specific_survey":0,"_uf_disable_surveys":false,"footnotes":""},"categories":[1],"tags":[],"class_list":["post-8925","post","type-post","status-publish","format-standard","has-post-thumbnail","hentry","category-news"],"_links":{"self":[{"href":"https:\/\/agromt.news\/index.php?rest_route=\/wp\/v2\/posts\/8925"}],"collection":[{"href":"https:\/\/agromt.news\/index.php?rest_route=\/wp\/v2\/posts"}],"about":[{"href":"https:\/\/agromt.news\/index.php?rest_route=\/wp\/v2\/types\/post"}],"author":[{"embeddable":true,"href":"https:\/\/agromt.news\/index.php?rest_route=\/wp\/v2\/users\/1"}],"replies":[{"embeddable":true,"href":"https:\/\/agromt.news\/index.php?rest_route=%2Fwp%2Fv2%2Fcomments&post=8925"}],"version-history":[{"count":0,"href":"https:\/\/agromt.news\/index.php?rest_route=\/wp\/v2\/posts\/8925\/revisions"}],"wp:featuredmedia":[{"embeddable":true,"href":"https:\/\/agromt.news\/index.php?rest_route=\/wp\/v2\/media\/8926"}],"wp:attachment":[{"href":"https:\/\/agromt.news\/index.php?rest_route=%2Fwp%2Fv2%2Fmedia&parent=8925"}],"wp:term":[{"taxonomy":"category","embeddable":true,"href":"https:\/\/agromt.news\/index.php?rest_route=%2Fwp%2Fv2%2Fcategories&post=8925"},{"taxonomy":"post_tag","embeddable":true,"href":"https:\/\/agromt.news\/index.php?rest_route=%2Fwp%2Fv2%2Ftags&post=8925"}],"curies":[{"name":"wp","href":"https:\/\/api.w.org\/{rel}","templated":true}]}}