{"id":8919,"date":"2025-02-02T01:05:18","date_gmt":"2025-02-02T05:05:18","guid":{"rendered":"https:\/\/agromt.news\/?p=8919"},"modified":"2025-02-02T01:05:18","modified_gmt":"2025-02-02T05:05:18","slug":"oscilacoes-marcam-precos-do-arroz-em-2024","status":"publish","type":"post","link":"https:\/\/agromt.news\/?p=8919","title":{"rendered":"Oscila\u00e7\u00f5es marcam pre\u00e7os do arroz em 2024"},"content":{"rendered":"<p> <br \/>\n<\/p>\n<div>\n<p style=\"text-align:justify\">De acordo com os dados da edi\u00e7\u00e3o de janeiro do Boletim Agropecu\u00e1rio produzido pela Empresa de Pesquisa Agropecu\u00e1ria e Extens\u00e3o Rural de Santa Catarina (Epagri) divulgado pelo Observat\u00f3rio Agro Catarinense, o mercado do <a href=\"https:\/\/www.agrolink.com.br\/culturas\/arroz\/?utm_source=agrolink-detalhe-noticia&amp;utm_medium=detalhe-noticia&amp;utm_campaign=links-internos\" target=\"_blank\" rel=\"noopener\">arroz<\/a> em 2024 foi marcado por fortes oscila\u00e7\u00f5es de pre\u00e7os, impulsionadas por quebras de safra, varia\u00e7\u00e3o na oferta e eventos clim\u00e1ticos.&#13;\n<\/p>\n<p style=\"text-align:justify\">No in\u00edcio do ano, os valores ultrapassaram R$ 120,00 por saca de 50 kg, refletindo a quebra na safra 2022\/23 e a baixa nos estoques brasileiros e do Mercosul. Contudo, nos meses seguintes, os pre\u00e7os ca\u00edram com a chegada da safra 2023\/24, mas voltaram a subir entre abril e novembro, devido \u00e0s chuvas extremas no Rio Grande do Sul e perdas em Santa Catarina.<\/p>\n<p style=\"text-align:justify\">No \u00faltimo trimestre, os pre\u00e7os voltaram a cair, acompanhando a expectativa de uma produ\u00e7\u00e3o 10% maior para a safra 2024\/25. Em dezembro, a redu\u00e7\u00e3o foi de 14% em rela\u00e7\u00e3o a 2023, principalmente no Litoral Sul e Grande Florian\u00f3polis, regi\u00f5es influenciadas pelo mercado ga\u00facho.&#13;\n<\/p>\n<p style=\"text-align:justify\">Apesar das oscila\u00e7\u00f5es, os produtores tiveram margem positiva, pois o aumento dos pre\u00e7os superou o crescimento dos custos. O custo operacional total subiu em m\u00e9dia R$ 9,76 por saca, chegando a R$ 84,22 por saca de 50 kg. J\u00e1 o pre\u00e7o m\u00e9dio de venda aumentou R$ 29,00 por saca em rela\u00e7\u00e3o a 2023.<\/p>\n<p style=\"text-align:justify\">Os principais itens que encareceram a produ\u00e7\u00e3o foram:<\/p>\n<ul>&#13;<\/p>\n<li style=\"text-align: justify;\">Arrendamento (+29,2%)<\/li>\n<p>&#13;<\/p>\n<li style=\"text-align: justify;\">M\u00e3o de obra (+10,6%)<\/li>\n<p>&#13;<\/p>\n<li style=\"text-align: justify;\">Servi\u00e7os mec\u00e2nicos (+5,6%)<\/li>\n<p>&#13;\n<\/ul>\n<p style=\"text-align:justify\">Esses tr\u00eas fatores representam mais de 80% do custo operacional total.<\/p>\n<p style=\"text-align:justify\">No com\u00e9rcio internacional, as exporta\u00e7\u00f5es de arroz entre janeiro e dezembro de 2024 totalizaram US$ 3,837 milh\u00f5es, uma queda de 61% em rela\u00e7\u00e3o a 2023. Os principais destinos foram Trinidad e Tobago (38,9%), Senegal (24%) e G\u00e2mbia (13,5%).<\/p>\n<p style=\"text-align:justify\">J\u00e1 as importa\u00e7\u00f5es cresceram 19,56%, impulsionadas pela baixa oferta interna. Os principais fornecedores de arroz para Santa Catarina foram:<\/p>\n<ul>&#13;<\/p>\n<li style=\"text-align: justify;\">Uruguai (55,36%)<\/li>\n<p>&#13;<\/p>\n<li style=\"text-align: justify;\">Paraguai (10,55%)<\/li>\n<p>&#13;<\/p>\n<li style=\"text-align: justify;\">Tail\u00e2ndia (10,27%)<\/li>\n<p>&#13;\n<\/ul>\n<p style=\"text-align:justify\">O cen\u00e1rio para 2025 segue com expectativa de maior oferta e estabilidade no mercado, mas ainda sujeito \u00e0s influ\u00eancias clim\u00e1ticas e cambiais.<\/p>\n<\/p><\/div>\n<p><script data-cfasync=\"false\">\n    !function (f, b, e, v, n, t, s) {\n        if (f.fbq) return; n = f.fbq = function () {\n            n.callMethod ?\n                n.callMethod.apply(n, arguments) : n.queue.push(arguments)\n        };\n        if (!f._fbq) f._fbq = n; n.push = n; n.loaded = !0; n.version = '2.0';\n        n.queue = []; t = b.createElement(e); t.async = !0;\n        t.src = v; s = b.getElementsByTagName(e)[0];\n        s.parentNode.insertBefore(t, s)\n    }(window, document, 'script',\n        'https:\/\/connect.facebook.net\/en_US\/fbevents.js');\n    fbq('init', '522546078623747');\n    fbq('track', 'PageView');\n<\/script><br \/>\n<br \/><br \/>\n<br \/><a href=\"https:\/\/www.agrolink.com.br\/noticias\/oscilacoes-marcam-precos-do-arroz-em-2024_498933.html\">Source link <\/a><\/p>\n","protected":false},"excerpt":{"rendered":"<p>De acordo com os dados da edi\u00e7\u00e3o de janeiro do Boletim Agropecu\u00e1rio produzido pela Empresa de Pesquisa Agropecu\u00e1ria e Extens\u00e3o<\/p>\n","protected":false},"author":1,"featured_media":2718,"comment_status":"open","ping_status":"open","sticky":false,"template":"","format":"standard","meta":{"_monsterinsights_skip_tracking":false,"_monsterinsights_sitenote_active":false,"_monsterinsights_sitenote_note":"","_monsterinsights_sitenote_category":0,"_uf_show_specific_survey":0,"_uf_disable_surveys":false,"footnotes":""},"categories":[8,1,14],"tags":[],"class_list":["post-8919","post","type-post","status-publish","format-standard","has-post-thumbnail","hentry","category-agro","category-news","category-politica-agro"],"_links":{"self":[{"href":"https:\/\/agromt.news\/index.php?rest_route=\/wp\/v2\/posts\/8919"}],"collection":[{"href":"https:\/\/agromt.news\/index.php?rest_route=\/wp\/v2\/posts"}],"about":[{"href":"https:\/\/agromt.news\/index.php?rest_route=\/wp\/v2\/types\/post"}],"author":[{"embeddable":true,"href":"https:\/\/agromt.news\/index.php?rest_route=\/wp\/v2\/users\/1"}],"replies":[{"embeddable":true,"href":"https:\/\/agromt.news\/index.php?rest_route=%2Fwp%2Fv2%2Fcomments&post=8919"}],"version-history":[{"count":0,"href":"https:\/\/agromt.news\/index.php?rest_route=\/wp\/v2\/posts\/8919\/revisions"}],"wp:featuredmedia":[{"embeddable":true,"href":"https:\/\/agromt.news\/index.php?rest_route=\/wp\/v2\/media\/2718"}],"wp:attachment":[{"href":"https:\/\/agromt.news\/index.php?rest_route=%2Fwp%2Fv2%2Fmedia&parent=8919"}],"wp:term":[{"taxonomy":"category","embeddable":true,"href":"https:\/\/agromt.news\/index.php?rest_route=%2Fwp%2Fv2%2Fcategories&post=8919"},{"taxonomy":"post_tag","embeddable":true,"href":"https:\/\/agromt.news\/index.php?rest_route=%2Fwp%2Fv2%2Ftags&post=8919"}],"curies":[{"name":"wp","href":"https:\/\/api.w.org\/{rel}","templated":true}]}}