{"id":8917,"date":"2025-02-02T00:42:27","date_gmt":"2025-02-02T04:42:27","guid":{"rendered":"https:\/\/agromt.news\/?p=8917"},"modified":"2025-02-02T00:42:27","modified_gmt":"2025-02-02T04:42:27","slug":"hugo-motta-e-o-novo-presidente-da-camara-dos-deputados","status":"publish","type":"post","link":"https:\/\/agromt.news\/?p=8917","title":{"rendered":"Hugo Motta \u00e9 o novo presidente da C\u00e2mara dos Deputados"},"content":{"rendered":"<p> <br \/>\n<br \/><img decoding=\"async\" src=\"https:\/\/agromt.news\/wp-content\/uploads\/2025\/02\/Hugo-Motta-e-o-novo-presidente-da-Camara-dos-Deputados.jpg\" \/><\/p>\n<div>\n<p>O deputado Hugo Motta (Republicanos-PB) foi eleito presidente da <strong><a href=\"http:\/\/www.canalrural.com.br\/tag\/camara\/\">C\u00e2mara <\/a><\/strong>dos Deputados para o bi\u00eanio 2025-2026. O parlamentar foi eleito neste s\u00e1bado (1\u00ba) em primeiro turno, com 444 votos. Ele concorreu com os deputados Marcel Van Hattem (Novo-RS), que obteve 32 votos, e Pastor Henrique Vieira (Psol-RJ), que teve 22 votos. Outros 2 votos foram em branco.<\/p>\n<p>Motta foi apoiado por um bloco formado por 17 partidos e 494 deputados. Integram o bloco PL, PT, PCdoB, PV, Uni\u00e3o, PP, Republicanos, PSD, MDB, PDT, PSDB, Cidadania, PSB, Podemos, Avante, Solidariedade e PRD.<\/p>\n<p>Como ele obteve a maioria absoluta (metade mais um) de votos dos presentes, n\u00e3o houve um segundo turno.<\/p>\n<p>Pouco antes da vota\u00e7\u00e3o, no discurso como candidato, Hugo Motta prometeu humildade na gest\u00e3o \u00e0 frente da Casa. \u201cQuero ser um elo na corrente, um elo forte, mas com a consci\u00eancia de ser apenas um elo que n\u00e3o podemos deixar romper. Todas as vezes que romperam esta corrente, partiram a democracia\u201d, disse.<\/p>\n<p>Para Motta, a cadeira da Presid\u00eancia n\u00e3o pode ser considerada como o auge do poder de um deputado. \u201cAquela cadeira n\u00e3o faz nenhum de n\u00f3s diferentes, \u00e9 transit\u00f3ria, ef\u00eamera.\u201d<\/p>\n<p>Motta defendeu mais previsibilidade nos trabalhos da C\u00e2mara, como retomar sess\u00f5es de Plen\u00e1rio no in\u00edcio da tarde e estabelecer quais delas ser\u00e3o virtuais e quais presenciais.<\/p>\n<p>Ele tamb\u00e9m defendeu priorizar alinhamento de pautas com o Senado para otimizar o processo legislativo e ampliar a participa\u00e7\u00e3o de parlamentares menos experientes ou com menos protagonismo na relatoria de projetos. \u201c\u00c9 uma C\u00e2mara de todos e para todos\u201d, disse.<\/p>\n<p>Motta citou compromisso com a bancada feminina em promover o respeito e a visibilidade das mulheres no Parlamento. \u201cCom relatorias de projetos que n\u00e3o tratam s\u00f3 de mulheres, mas de agenda econ\u00f4mica, educa\u00e7\u00e3o, seguran\u00e7a p\u00fablica e outros projetos de interesse do Brasil\u201d, afirmou.<\/p>\n<h2 class=\"wp-block-heading\" id=\"h-presidente-mais-novo\"><strong>Presidente mais novo<\/strong><\/h2>\n<p>Com 35 anos, Hugo Motta \u00e9 o deputado mais jovem a se eleger presidente da C\u00e2mara p\u00f3s-redemocratiza\u00e7\u00e3o.<\/p>\n<p>Motta come\u00e7ou cedo na pol\u00edtica e exerce atualmente o quarto mandato como deputado federal. Na \u00faltima elei\u00e7\u00e3o, em 2022, foi o mais votado na Para\u00edba, com 158.171 votos.<\/p>\n<p>Na primeira vez que tomou posse na C\u00e2mara, em 2011, Hugo Motta fora eleito o deputado mais jovem, aos 21 anos, idade m\u00ednima para assumir o cargo, segundo a Constitui\u00e7\u00e3o.<\/p>\n<\/div>\n<div>\n<p>Atualmente aos 35 anos, Hugo Motta tamb\u00e9m est\u00e1 na idade m\u00ednima para ocupar o cargo de presidente da Rep\u00fablica, j\u00e1 que o presidente da C\u00e2mara \u00e9 o segundo na linha sucess\u00f3ria, depois apenas do vice-presidente, Geraldo Alckmin.<\/p>\n<p>No primeiro mandato, Hugo Motta ainda era estudante de medicina. Por causa da elei\u00e7\u00e3o para a C\u00e2mara, teve de se transferir da Faculdade de Medicina Nova Esperan\u00e7a, em Jo\u00e3o Pessoa, para Universidade Cat\u00f3lica de Bras\u00edlia, onde concluiu o curso em 2013.<\/p>\n<h2 class=\"wp-block-heading\" id=\"h-atuacao-parlamentar\"><strong>Atua\u00e7\u00e3o parlamentar<\/strong><\/h2>\n<p>Em 2015, Motta presidiu a Comiss\u00e3o Parlamentar de Inqu\u00e9rito (CPI) da Petrobras, que investigou as den\u00fancias feitas pela Opera\u00e7\u00e3o Lava Jato. Ele tamb\u00e9m presidiu a Comiss\u00e3o de Fiscaliza\u00e7\u00e3o Financeira e Controle (2014-2015) e tr\u00eas comiss\u00f5es especiais: Desestatiza\u00e7\u00e3o da Eletrobras (PL 9463\/18); Prote\u00e7\u00e3o \u00e0 sa\u00fade e ao meio ambiente (PL 5013\/13); e Zona Franca do semi\u00e1rido nordestino (PEC 19\/11).<\/p>\n<p>Motta est\u00e1 na lideran\u00e7a do Republicanos desde fevereiro de 2023.<\/p>\n<h2 class=\"wp-block-heading\" id=\"h-propostas-aprovadas\"><strong>Propostas aprovadas<\/strong><\/h2>\n<p>Na C\u00e2mara, apresentou seis propostas que viraram normas legais, como a Emenda Constitucional 82, que incluiu a seguran\u00e7a vi\u00e1ria no cap\u00edtulo destinado \u00e0 seguran\u00e7a p\u00fablica.<\/p>\n<p>As demais propostas foram apresentadas em conjunto com outros deputados. Entre elas est\u00e3o a emenda constitucional que cria novas regras para os partidos pol\u00edticos destinarem recursos para candidatos pretos e pardos e perdoa as legendas que descumpriram a cota m\u00ednima para essas candidaturas em elei\u00e7\u00f5es passadas (EC 133) e a lei que inscreve o nome de Eduardo Campos, ex-governador de Pernambuco, no Livro dos Her\u00f3is da P\u00e1tria (lei 14.999\/24).<\/p>\n<p>Durante a pandemia de Covid-19, Motta relatou a proposta do \u201cor\u00e7amento de guerra\u201d, criada para flexibilizar regras fiscais, administrativas e financeiras (EC 106). Foi uma das 13 propostas relatadas por Motta que viraram norma.<\/p>\n<h2 class=\"wp-block-heading\" id=\"h-partido-jovem\"><strong>Partido jovem<\/strong><\/h2>\n<p>Fundado em 2005, o Republicanos tamb\u00e9m \u00e9 o partido mais jovem a ganhar uma elei\u00e7\u00e3o para Presid\u00eancia da C\u00e2mara. At\u00e9 ent\u00e3o, a Presid\u00eancia da C\u00e2mara s\u00f3 fora ocupada por deputados de partidos criados na d\u00e9cada de 1980, ap\u00f3s o fim do regime bipartid\u00e1rio e a volta da democracia.<\/p>\n<p>Nesse per\u00edodo, o MDB ocupou a vaga por mais tempo, assumindo a presid\u00eancia nove vezes. Em seguida v\u00eam o PP\/PDS, com sete vezes, e o DEM\/PFL, com seis.<\/p>\n<p>Com Hugo Motta, esta ser\u00e1 a 20\u00aa vez que um deputado do Nordeste assume o cargo de presidente da C\u00e2mara na hist\u00f3ria da Rep\u00fablica. Outros dois deputados da Para\u00edba j\u00e1 ocuparam a cadeira: Efraim Moraes (PFL), entre 2002 e 2003, e Samuel Duarte (PSD), de 1947 a 1949.<\/p>\n<p>Na maior parte do tempo, a C\u00e2mara dos Deputados foi presidida por deputados da regi\u00e3o Sudeste: 16 vezes por S\u00e3o Paulo, 12 de Minas Gerais e 7 do Rio de Janeiro.<\/p>\n<\/p><\/div>\n<p><br \/>\n<br \/><a href=\"https:\/\/www.canalrural.com.br\/politica\/hugo-motta-e-o-novo-presidente-da-camara-dos-deputados\/\">Source link <\/a><\/p>\n","protected":false},"excerpt":{"rendered":"<p>O deputado Hugo Motta (Republicanos-PB) foi eleito presidente da C\u00e2mara dos Deputados para o bi\u00eanio 2025-2026. O parlamentar foi eleito<\/p>\n","protected":false},"author":1,"featured_media":8918,"comment_status":"open","ping_status":"open","sticky":false,"template":"","format":"standard","meta":{"_monsterinsights_skip_tracking":false,"_monsterinsights_sitenote_active":false,"_monsterinsights_sitenote_note":"","_monsterinsights_sitenote_category":0,"_uf_show_specific_survey":0,"_uf_disable_surveys":false,"footnotes":""},"categories":[1],"tags":[],"class_list":["post-8917","post","type-post","status-publish","format-standard","has-post-thumbnail","hentry","category-news"],"_links":{"self":[{"href":"https:\/\/agromt.news\/index.php?rest_route=\/wp\/v2\/posts\/8917"}],"collection":[{"href":"https:\/\/agromt.news\/index.php?rest_route=\/wp\/v2\/posts"}],"about":[{"href":"https:\/\/agromt.news\/index.php?rest_route=\/wp\/v2\/types\/post"}],"author":[{"embeddable":true,"href":"https:\/\/agromt.news\/index.php?rest_route=\/wp\/v2\/users\/1"}],"replies":[{"embeddable":true,"href":"https:\/\/agromt.news\/index.php?rest_route=%2Fwp%2Fv2%2Fcomments&post=8917"}],"version-history":[{"count":0,"href":"https:\/\/agromt.news\/index.php?rest_route=\/wp\/v2\/posts\/8917\/revisions"}],"wp:featuredmedia":[{"embeddable":true,"href":"https:\/\/agromt.news\/index.php?rest_route=\/wp\/v2\/media\/8918"}],"wp:attachment":[{"href":"https:\/\/agromt.news\/index.php?rest_route=%2Fwp%2Fv2%2Fmedia&parent=8917"}],"wp:term":[{"taxonomy":"category","embeddable":true,"href":"https:\/\/agromt.news\/index.php?rest_route=%2Fwp%2Fv2%2Fcategories&post=8917"},{"taxonomy":"post_tag","embeddable":true,"href":"https:\/\/agromt.news\/index.php?rest_route=%2Fwp%2Fv2%2Ftags&post=8917"}],"curies":[{"name":"wp","href":"https:\/\/api.w.org\/{rel}","templated":true}]}}