{"id":8915,"date":"2025-02-01T23:28:41","date_gmt":"2025-02-02T03:28:41","guid":{"rendered":"https:\/\/agromt.news\/?p=8915"},"modified":"2025-02-01T23:28:41","modified_gmt":"2025-02-02T03:28:41","slug":"pais-esta-caminhando-para-reprimarizacao-da-pauta-de-exportacao-diz-presidente-da-abimaq","status":"publish","type":"post","link":"https:\/\/agromt.news\/?p=8915","title":{"rendered":"Pa\u00eds est\u00e1 caminhando para reprimariza\u00e7\u00e3o da pauta de exporta\u00e7\u00e3o, diz presidente da Abimaq"},"content":{"rendered":"<p> <br \/>\n<br \/><img decoding=\"async\" src=\"https:\/\/agromt.news\/wp-content\/uploads\/2025\/01\/analise-das-exportacoes-do-agro-brasileiro-em-2024.jpg\" \/><\/p>\n<div>\n<p>O presidente da Associa\u00e7\u00e3o Brasileira de M\u00e1quinas e Equipamentos <strong><a href=\"http:\/\/www.canalrural.com.br\/tag\/abimaq\/\">(Abimaq)<\/a><\/strong>, Jos\u00e9 Velloso, afirmou na \u00faltima quarta-feira (29), que o pa\u00eds est\u00e1 caminhando para a reprimariza\u00e7\u00e3o da pauta de exporta\u00e7\u00e3o. Velloso reconhece a robustez da balan\u00e7a comercial brasileira de 2024, que encerrou o ano com super\u00e1vit de US$ 74,6 bilh\u00f5es, o segundo maior valor da s\u00e9rie hist\u00f3rica, mas chama aten\u00e7\u00e3o para o comportamento das exporta\u00e7\u00f5es da ind\u00fastria de transforma\u00e7\u00e3o.<\/p>\n<p>\u201cH\u00e1 dez anos, 64% das exporta\u00e7\u00f5es eram da ind\u00fastria de transforma\u00e7\u00e3o. Hoje, \u00e9 52%\u201d, afirma. \u201cPercebemos que h\u00e1 muita exporta\u00e7\u00e3o de itens com baix\u00edssima transforma\u00e7\u00e3o, como a\u00e7\u00facar, \u00f3leos combust\u00edveis e carne bovina. Estamos caminhando para uma reprimariza\u00e7\u00e3o\u201d, alertou.<\/p>\n<p>Velloso tamb\u00e9m chamou aten\u00e7\u00e3o para o crescimento de 25,6% das importa\u00e7\u00f5es de bens de capital em 2024, um resultado positivo. \u201cNa teoria, isso se traduziria em aumento de produtividade no pa\u00eds. No entanto, o investimento no Brasil n\u00e3o cresceu e o consumo aparente de m\u00e1quinas caiu.\u201d<\/p>\n<p>O presidente da Associa\u00e7\u00e3o ainda afirmou que o pa\u00eds n\u00e3o est\u00e1 investindo na ind\u00fastria como deveria. \u201cO investimento em m\u00e1quinas \u00e9 35% menor do que o que t\u00ednhamos h\u00e1 dez anos\u201d, recordou.<\/p>\n<\/div>\n<div>\n<h2 class=\"wp-block-heading\" id=\"h-guerra-comercial-entre-eua-e-china\"><b>Guerra comercial entre EUA e China<\/b><\/h2>\n<p>O presidente da Abimaq disse que a guerra comercial entre Estados Unidos e China j\u00e1 est\u00e1 trazendo consequ\u00eancias para o Brasil.<\/p>\n<p>Ele lembrou que o governo americano anterior, sob o comando de Joe Biden, j\u00e1 trabalhava com medidas tarif\u00e1rias, e a perspectiva \u00e9 de continuidade do protecionismo na lideran\u00e7a de Donald Trump, principalmente sobre os produtos chineses.<\/p>\n<p>\u201cJ\u00e1 estamos tendo problemas por aqui, porque aqueles produtos da China que iam para os Estados Unidos ou Europa, j\u00e1 est\u00e3o procurando novos mercados, e o Brasil \u00e9 um deles\u201d, afirma. \u201cIsso j\u00e1 tem sido um problema para a ind\u00fastria nacional, sobretudo a de m\u00e1quinas e autom\u00f3veis, que tem maior valor agregado\u201d, acrescentou.<\/p>\n<p>Velloso disse que, com a continuidade de restri\u00e7\u00f5es impostas pelos Estados Unidos, esse efeito deve persistir no Brasil e em outros pa\u00edses, mas descarta uma possibilidade de rompimento bilateral entre o pa\u00eds e os Estados Unidos. \u201cO Brasil n\u00e3o \u00e9 uma das principais preocupa\u00e7\u00f5es, tem outras na frente.\u201d<\/p>\n<p>O presidente da Abimaq ressaltou ainda que os Estados Unidos s\u00e3o o principal destino das exporta\u00e7\u00f5es de m\u00e1quinas e equipamentos brasileiros. No ranking de 2024, 26% das exporta\u00e7\u00f5es foram destinadas para os Estados Unidos, seguida por 9% para a Argentina, 6,2% para Singapura, e 6% para o M\u00e9xico.<\/p>\n<\/p><\/div>\n<p><br \/>\n<br \/><a href=\"https:\/\/www.canalrural.com.br\/economia\/pais-esta-caminhando-para-reprimarizacao-da-pauta-de-exportacao-diz-presidente-da-abimaq\/\">Source link <\/a><\/p>\n","protected":false},"excerpt":{"rendered":"<p>O presidente da Associa\u00e7\u00e3o Brasileira de M\u00e1quinas e Equipamentos (Abimaq), Jos\u00e9 Velloso, afirmou na \u00faltima quarta-feira (29), que o pa\u00eds<\/p>\n","protected":false},"author":1,"featured_media":7643,"comment_status":"open","ping_status":"open","sticky":false,"template":"","format":"standard","meta":{"_monsterinsights_skip_tracking":false,"_monsterinsights_sitenote_active":false,"_monsterinsights_sitenote_note":"","_monsterinsights_sitenote_category":0,"_uf_show_specific_survey":0,"_uf_disable_surveys":false,"footnotes":""},"categories":[1],"tags":[],"class_list":["post-8915","post","type-post","status-publish","format-standard","has-post-thumbnail","hentry","category-news"],"_links":{"self":[{"href":"https:\/\/agromt.news\/index.php?rest_route=\/wp\/v2\/posts\/8915"}],"collection":[{"href":"https:\/\/agromt.news\/index.php?rest_route=\/wp\/v2\/posts"}],"about":[{"href":"https:\/\/agromt.news\/index.php?rest_route=\/wp\/v2\/types\/post"}],"author":[{"embeddable":true,"href":"https:\/\/agromt.news\/index.php?rest_route=\/wp\/v2\/users\/1"}],"replies":[{"embeddable":true,"href":"https:\/\/agromt.news\/index.php?rest_route=%2Fwp%2Fv2%2Fcomments&post=8915"}],"version-history":[{"count":0,"href":"https:\/\/agromt.news\/index.php?rest_route=\/wp\/v2\/posts\/8915\/revisions"}],"wp:featuredmedia":[{"embeddable":true,"href":"https:\/\/agromt.news\/index.php?rest_route=\/wp\/v2\/media\/7643"}],"wp:attachment":[{"href":"https:\/\/agromt.news\/index.php?rest_route=%2Fwp%2Fv2%2Fmedia&parent=8915"}],"wp:term":[{"taxonomy":"category","embeddable":true,"href":"https:\/\/agromt.news\/index.php?rest_route=%2Fwp%2Fv2%2Fcategories&post=8915"},{"taxonomy":"post_tag","embeddable":true,"href":"https:\/\/agromt.news\/index.php?rest_route=%2Fwp%2Fv2%2Ftags&post=8915"}],"curies":[{"name":"wp","href":"https:\/\/api.w.org\/{rel}","templated":true}]}}