{"id":8911,"date":"2025-02-01T21:04:48","date_gmt":"2025-02-02T01:04:48","guid":{"rendered":"https:\/\/agromt.news\/?p=8911"},"modified":"2025-02-01T21:04:48","modified_gmt":"2025-02-02T01:04:48","slug":"programa-instala-hortas-urbanas-sob-redes-de-transmissao-de-energia","status":"publish","type":"post","link":"https:\/\/agromt.news\/?p=8911","title":{"rendered":"Programa instala hortas urbanas sob redes de transmiss\u00e3o de energia"},"content":{"rendered":"<p> <br \/>\n<\/p>\n<div>\n<p>Terrenos subutilizados sob as linhas de transmiss\u00e3o de energia el\u00e9trica da Enel Distribui\u00e7\u00e3o S\u00e3o Paulo est\u00e3o sendo transformados em espa\u00e7os produtivos dedicados \u00e0 agricultura urbana.<\/p>\n<p>A iniciativa, que j\u00e1 beneficia dezenas de produtores, tamb\u00e9m busca a integra\u00e7\u00e3o comunit\u00e1ria em \u00e1reas de alta vulnerabilidade social. <\/p>\n<p>A ideia tem dado t\u00e3o certo que foi produzido um estudo para avaliar a percep\u00e7\u00e3o dos 75 agricultores cadastrados no programa nas 50 hortas atualmente ativas.<\/p>\n<p>A pesquisa revelou que 100% dos participantes relataram melhora na disposi\u00e7\u00e3o f\u00edsica, 93,6% notaram benef\u00edcios diretos \u00e0 sa\u00fade pelo acesso a alimentos frescos e nutritivos, 85,2% destacaram maior integra\u00e7\u00e3o comunit\u00e1ria, al\u00e9m de 74,1% terem registrado economia dom\u00e9stica e mais da metade (66,7%) perceberam que houve aumento na diversidade da fauna local.<\/p>\n<p>\u201cO Hortas em Rede \u00e9 mais do que um projeto de agricultura urbana. \u00c9 uma transforma\u00e7\u00e3o social que impacta a vida de milhares de pessoas\u201d, comenta Guilherme Lencastre, presidente da Enel Distribui\u00e7\u00e3o S\u00e3o Paulo. <\/p>\n<\/div>\n<div>\n<p>De acordo com ele, os resultados alcan\u00e7ados levam a companhia a planejar expandir a iniciativa para outras regi\u00f5es do pa\u00eds onde atua, casos de Cear\u00e1 e <strong><a href=\"https:\/\/www.canalrural.com.br\/tag\/rio-de-janeiro\/\">Rio de Janeiro<\/a><\/strong>. Questionada pela reportagem, a empresa disse que ainda n\u00e3o detalhou o plano para a instala\u00e7\u00e3o das futuras hortas nas outras pra\u00e7as de concess\u00e3o.<\/p>\n<p>A coordenadora do projeto, Carolina Afonso, destaca que n\u00e3o basta selecionar uma \u00e1rea e iniciar o cultivo. \u201cPrecisamos avaliar quest\u00f5es como descarte irregular de res\u00edduos, depreda\u00e7\u00e3o, viabilidade econ\u00f4mica e, principalmente, o impacto socioambiental que essa horta trar\u00e1 para os agricultores e a comunidade. Nosso foco \u00e9 sempre a inclus\u00e3o social e a inova\u00e7\u00e3o\u201d, disse.<\/p>\n<h2 class=\"wp-block-heading\" id=\"h-hortas-transformando-vidas\">Hortas transformando vidas<\/h2>\n<figure class=\"wp-block-image size-full\"><img fetchpriority=\"high\" fetchpriority=\"high\" decoding=\"async\" width=\"1021\" height=\"591\" src=\"https:\/\/agromt.news\/wp-content\/uploads\/2025\/02\/Programa-instala-hortas-urbanas-sob-redes-de-transmissao-de-energia.jpg\" alt=\"horta sob redes de transmiss\u00e3o de energia\" class=\"wp-image-4085588\"  \/><figcaption class=\"wp-element-caption\">Fotos: Divulga\u00e7\u00e3o\/ Montagem: Canal Rural <\/figcaption><\/figure>\n<p>Agricultor de S\u00e3o Mateus e um dos beneficiados pelo Hortas em Rede, Rafael Maroni conta que o cultivo de hortali\u00e7as se tornou sua principal fonte de renda e proporcionou uma nova perspectiva de vida. <\/p>\n<p>\u201cTroquei a m\u00fasica pela terra, algo que sempre esteve na minha fam\u00edlia. Hoje, o cultivo de alface, al\u00e9m de ser o nosso sustento, tamb\u00e9m impacta positivamente a comunidade\u201d, relata.<\/p>\n<p>Entusiasta do programa, a pesquisadora do Minist\u00e9rio do Desenvolvimento Social Elisa Carvalho ressalta a urg\u00eancia de combater a inseguran\u00e7a alimentar diante das mudan\u00e7as clim\u00e1ticas. \u201c\u00c9 essencial ocupar \u00e1reas urbanas e periurbanas com projetos que integrem servi\u00e7os ambientais e sociais. A agricultura pode e deve acontecer em qualquer espa\u00e7o dispon\u00edvel\u201d.<\/p>\n<\/p><\/div>\n<p><br \/>\n<br \/><a href=\"https:\/\/www.canalrural.com.br\/agricultura\/programa-instala-hortas-urbanas-sob-redes-de-transmissao-de-energia\/\">Source link <\/a><\/p>\n","protected":false},"excerpt":{"rendered":"<p>Terrenos subutilizados sob as linhas de transmiss\u00e3o de energia el\u00e9trica da Enel Distribui\u00e7\u00e3o S\u00e3o Paulo est\u00e3o sendo transformados em espa\u00e7os<\/p>\n","protected":false},"author":1,"featured_media":8912,"comment_status":"open","ping_status":"open","sticky":false,"template":"","format":"standard","meta":{"_monsterinsights_skip_tracking":false,"_monsterinsights_sitenote_active":false,"_monsterinsights_sitenote_note":"","_monsterinsights_sitenote_category":0,"_uf_show_specific_survey":0,"_uf_disable_surveys":false,"footnotes":""},"categories":[1],"tags":[],"class_list":["post-8911","post","type-post","status-publish","format-standard","has-post-thumbnail","hentry","category-news"],"_links":{"self":[{"href":"https:\/\/agromt.news\/index.php?rest_route=\/wp\/v2\/posts\/8911"}],"collection":[{"href":"https:\/\/agromt.news\/index.php?rest_route=\/wp\/v2\/posts"}],"about":[{"href":"https:\/\/agromt.news\/index.php?rest_route=\/wp\/v2\/types\/post"}],"author":[{"embeddable":true,"href":"https:\/\/agromt.news\/index.php?rest_route=\/wp\/v2\/users\/1"}],"replies":[{"embeddable":true,"href":"https:\/\/agromt.news\/index.php?rest_route=%2Fwp%2Fv2%2Fcomments&post=8911"}],"version-history":[{"count":0,"href":"https:\/\/agromt.news\/index.php?rest_route=\/wp\/v2\/posts\/8911\/revisions"}],"wp:featuredmedia":[{"embeddable":true,"href":"https:\/\/agromt.news\/index.php?rest_route=\/wp\/v2\/media\/8912"}],"wp:attachment":[{"href":"https:\/\/agromt.news\/index.php?rest_route=%2Fwp%2Fv2%2Fmedia&parent=8911"}],"wp:term":[{"taxonomy":"category","embeddable":true,"href":"https:\/\/agromt.news\/index.php?rest_route=%2Fwp%2Fv2%2Fcategories&post=8911"},{"taxonomy":"post_tag","embeddable":true,"href":"https:\/\/agromt.news\/index.php?rest_route=%2Fwp%2Fv2%2Ftags&post=8911"}],"curies":[{"name":"wp","href":"https:\/\/api.w.org\/{rel}","templated":true}]}}