{"id":8910,"date":"2025-02-01T20:50:30","date_gmt":"2025-02-02T00:50:30","guid":{"rendered":"https:\/\/agromt.news\/?p=8910"},"modified":"2025-02-01T20:50:30","modified_gmt":"2025-02-02T00:50:30","slug":"falta-de-mudas-reduz-safra-de-morangos","status":"publish","type":"post","link":"https:\/\/agromt.news\/?p=8910","title":{"rendered":"Falta de mudas reduz safra de morangos"},"content":{"rendered":"<p> <br \/>\n<\/p>\n<div>\n<p style=\"text-align:justify\">De acordo com o Informativo Conjuntural da Emater\/RS-Ascar, divulgado nesta quinta-feira (30), o\u00a0cultivo de morangos no Rio Grande do Sul segue com desafios e oscila\u00e7\u00f5es nos pre\u00e7os.\u00a0Fatores clim\u00e1ticos, pragas e disponibilidade de mudas t\u00eam impactado a safra atual, enquanto produtores se organizam para a pr\u00f3xima temporada.&#13;\n<\/p>\n<p style=\"text-align:justify\">A comercializa\u00e7\u00e3o do morango apresenta grande varia\u00e7\u00e3o nos pre\u00e7os, dependendo da qualidade e da localiza\u00e7\u00e3o. Em Pelotas, os produtores recebem entre R$ 15,00 e R$ 25,00\/kg, enquanto em Rio Grande, os valores chegam a R$ 40,00\/kg. J\u00e1 em Turu\u00e7u, o pre\u00e7o m\u00e9dio \u00e9 de R$ 18,00\/kg. Devido \u00e0 menor qualidade dos frutos e baixa rentabilidade, alguns produtores t\u00eam optado por congelar a produ\u00e7\u00e3o para posterior venda a mercados especializados em polpa.<\/p>\n<p style=\"text-align:justify\">Na regi\u00e3o de Santa Maria, a colheita das variedades de dias curtos est\u00e1 pr\u00f3xima do fim, enquanto as de dias neutros seguem com bom desenvolvimento. No munic\u00edpio de Agudo, um dos principais produtores da regi\u00e3o, os pre\u00e7os variam entre R$ 35,00 e R$ 40,00\/kg.&#13;\n<\/p>\n<p style=\"text-align:justify\">Apesar da boa qualidade dos frutos, a safra foi reduzida devido \u00e0 escassez de mudas. Em algumas propriedades, as plantas morreram por falta de \u00e1gua ou baixa qualidade. Em S\u00e3o Vicente do Sul, houve registro de mancha-de-micosferela, \u00e1caro-rajado e lagartas, afetando a produtividade.<\/p>\n<p style=\"text-align:justify\">Na regi\u00e3o de Soledade, as temperaturas elevadas t\u00eam reduzido a produ\u00e7\u00e3o e afetado a qualidade dos frutos. H\u00e1 relatos de perda de floradas, crescimento excessivo da parte vegetativa e aumento de pragas, como percevejo-do-fruto, \u00e1caro-rajado e pulg\u00e3o. Al\u00e9m disso, algumas lavouras enfrentam ataques de p\u00e1ssaros.&#13;\n<\/p>\n<p style=\"text-align:justify\">Apesar dos desafios, a qualidade dos morangos da regi\u00e3o ainda \u00e9 considerada razo\u00e1vel, com pre\u00e7os ao produtor variando entre R$ 20,00 e R$ 25,00\/kg.<\/p>\n<p style=\"text-align:justify\">Diante das dificuldades, produtores j\u00e1 se preparam para a pr\u00f3xima safra, realizando encomendas de mudas e planejando investimentos em estufas. Alguns t\u00eam apostado em mudas importadas do Chile, buscando maior resist\u00eancia e produtividade. O setor segue atento \u00e0s condi\u00e7\u00f5es clim\u00e1ticas e ao manejo de pragas, enquanto espera por uma safra mais equilibrada em 2025.<\/p>\n<\/p><\/div>\n<p><script data-cfasync=\"false\">\n    !function (f, b, e, v, n, t, s) {\n        if (f.fbq) return; n = f.fbq = function () {\n            n.callMethod ?\n                n.callMethod.apply(n, arguments) : n.queue.push(arguments)\n        };\n        if (!f._fbq) f._fbq = n; n.push = n; n.loaded = !0; n.version = '2.0';\n        n.queue = []; t = b.createElement(e); t.async = !0;\n        t.src = v; s = b.getElementsByTagName(e)[0];\n        s.parentNode.insertBefore(t, s)\n    }(window, document, 'script',\n        'https:\/\/connect.facebook.net\/en_US\/fbevents.js');\n    fbq('init', '522546078623747');\n    fbq('track', 'PageView');\n<\/script><br \/>\n<br \/><br \/>\n<br \/><a href=\"https:\/\/www.agrolink.com.br\/noticias\/falta-de-mudas-reduz-safra-de-morangos_498935.html\">Source link <\/a><\/p>\n","protected":false},"excerpt":{"rendered":"<p>De acordo com o Informativo Conjuntural da Emater\/RS-Ascar, divulgado nesta quinta-feira (30), o\u00a0cultivo de morangos no Rio Grande do Sul<\/p>\n","protected":false},"author":1,"featured_media":7599,"comment_status":"open","ping_status":"open","sticky":false,"template":"","format":"standard","meta":{"_monsterinsights_skip_tracking":false,"_monsterinsights_sitenote_active":false,"_monsterinsights_sitenote_note":"","_monsterinsights_sitenote_category":0,"_uf_show_specific_survey":0,"_uf_disable_surveys":false,"footnotes":""},"categories":[8,1,14],"tags":[],"class_list":["post-8910","post","type-post","status-publish","format-standard","has-post-thumbnail","hentry","category-agro","category-news","category-politica-agro"],"_links":{"self":[{"href":"https:\/\/agromt.news\/index.php?rest_route=\/wp\/v2\/posts\/8910"}],"collection":[{"href":"https:\/\/agromt.news\/index.php?rest_route=\/wp\/v2\/posts"}],"about":[{"href":"https:\/\/agromt.news\/index.php?rest_route=\/wp\/v2\/types\/post"}],"author":[{"embeddable":true,"href":"https:\/\/agromt.news\/index.php?rest_route=\/wp\/v2\/users\/1"}],"replies":[{"embeddable":true,"href":"https:\/\/agromt.news\/index.php?rest_route=%2Fwp%2Fv2%2Fcomments&post=8910"}],"version-history":[{"count":0,"href":"https:\/\/agromt.news\/index.php?rest_route=\/wp\/v2\/posts\/8910\/revisions"}],"wp:featuredmedia":[{"embeddable":true,"href":"https:\/\/agromt.news\/index.php?rest_route=\/wp\/v2\/media\/7599"}],"wp:attachment":[{"href":"https:\/\/agromt.news\/index.php?rest_route=%2Fwp%2Fv2%2Fmedia&parent=8910"}],"wp:term":[{"taxonomy":"category","embeddable":true,"href":"https:\/\/agromt.news\/index.php?rest_route=%2Fwp%2Fv2%2Fcategories&post=8910"},{"taxonomy":"post_tag","embeddable":true,"href":"https:\/\/agromt.news\/index.php?rest_route=%2Fwp%2Fv2%2Ftags&post=8910"}],"curies":[{"name":"wp","href":"https:\/\/api.w.org\/{rel}","templated":true}]}}