{"id":8908,"date":"2025-02-01T19:25:57","date_gmt":"2025-02-01T23:25:57","guid":{"rendered":"https:\/\/agromt.news\/?p=8908"},"modified":"2025-02-01T19:25:57","modified_gmt":"2025-02-01T23:25:57","slug":"nova-mesa-diretora-do-senado-e-eleita-por-aclamacao","status":"publish","type":"post","link":"https:\/\/agromt.news\/?p=8908","title":{"rendered":"Nova Mesa Diretora do Senado \u00e9 eleita por aclama\u00e7\u00e3o"},"content":{"rendered":"<p> <br \/>\n<\/p>\n<div>\n<p>Ap\u00f3s eleger o senador <strong><a href=\"http:\/\/www.canalrural.com.br\/tag\/davi-alcolumbre\/\">Davi Alcolumbre<\/a><\/strong> (Uni\u00e3o Brasil-AP) para a presid\u00eancia da Casa, o Senado\u00a0elegeu, por aclama\u00e7\u00e3o, os candidatos da chapa \u00fanica para a Mesa Diretora no bi\u00eanio 2025-2026. Confira, a seguir, a lista de senadores.<img decoding=\"async\" src=\"https:\/\/agromt.news\/wp-content\/uploads\/2025\/02\/Nova-Mesa-Diretora-do-Senado-e-eleita-por-aclamacao.png\"\/><img decoding=\"async\" src=\"https:\/\/agromt.news\/wp-content\/uploads\/2025\/02\/Nova-Mesa-Diretora-do-Senado-e-eleita-por-aclamacao.png\"\/><img decoding=\"async\" src=\"https:\/\/agromt.news\/wp-content\/uploads\/2025\/02\/Nova-Mesa-Diretora-do-Senado-e-eleita-por-aclamacao.gif\"\/><img decoding=\"async\" src=\"https:\/\/agromt.news\/wp-content\/uploads\/2025\/02\/Nova-Mesa-Diretora-do-Senado-e-eleita-por-aclamacao.gif\"\/><\/p>\n<p>\u2013 Primeira-Vice-Presid\u00eancia: Eduardo Gomes (PL-TO)<\/p>\n<p>\u2013 Segunda-Vice-Presid\u00eancia: Humberto Costa (PT-PE)<\/p>\n<p>\u2013 Primeira-Secretaria: Daniella Ribeiro (PSD-PB)\u00a0<\/p>\n<p>\u2013 Segunda-Secretaria: Conf\u00facio Moura (MDB-RO)<\/p>\n<p>\u2013 Terceira-Secretaria: Ana Paula Lobato (PDT-MA)<\/p>\n<p>\u2013 Quarta-Secretaria: La\u00e9rcio Oliveira (PP-SE)<\/p>\n<\/div>\n<div>\n<p>Durante a reuni\u00e3o preparat\u00f3ria, tamb\u00e9m foram definidos os senadores suplentes.<\/p>\n<p>\u2013 Chico Rodrigues (PSB-RR)<\/p>\n<p>\u2013 Mecias de Jesus (Republicanos-RR)<\/p>\n<p>\u2013 Styvenson Valentim (PSDB-RN)<\/p>\n<p>\u2013 Soraya Thronicke (Podemos-MS)<\/p>\n<p>Abertura do ano legislativo<\/p>\n<p>No encerramento da reuni\u00e3o preparat\u00f3ria, Alcolumbre convocou, para a pr\u00f3xima segunda-feira (3), \u00e0s 16h, sess\u00e3o solene do Congresso Nacional, no plen\u00e1rio da C\u00e2mara dos Deputados, para inaugurar a terceira sess\u00e3o legislativa ordin\u00e1ria da 57\u00aa legislatura.<\/p>\n<p>O novo presidente do Senado tamb\u00e9m informou\u00a0que as indica\u00e7\u00f5es para lideran\u00e7as partid\u00e1rias devem ser feitas na retomada dos trabalhos da Casa.<\/p>\n<\/p><\/div>\n<p><br \/>\n<br \/><a href=\"https:\/\/www.canalrural.com.br\/diversos\/nova-mesa-diretora-do-senado-e-eleita-por-aclamacao\/\">Source link <\/a><\/p>\n","protected":false},"excerpt":{"rendered":"<p>Ap\u00f3s eleger o senador Davi Alcolumbre (Uni\u00e3o Brasil-AP) para a presid\u00eancia da Casa, o Senado\u00a0elegeu, por aclama\u00e7\u00e3o, os candidatos da<\/p>\n","protected":false},"author":1,"featured_media":8909,"comment_status":"open","ping_status":"open","sticky":false,"template":"","format":"standard","meta":{"_monsterinsights_skip_tracking":false,"_monsterinsights_sitenote_active":false,"_monsterinsights_sitenote_note":"","_monsterinsights_sitenote_category":0,"_uf_show_specific_survey":0,"_uf_disable_surveys":false,"footnotes":""},"categories":[1],"tags":[],"class_list":["post-8908","post","type-post","status-publish","format-standard","has-post-thumbnail","hentry","category-news"],"_links":{"self":[{"href":"https:\/\/agromt.news\/index.php?rest_route=\/wp\/v2\/posts\/8908"}],"collection":[{"href":"https:\/\/agromt.news\/index.php?rest_route=\/wp\/v2\/posts"}],"about":[{"href":"https:\/\/agromt.news\/index.php?rest_route=\/wp\/v2\/types\/post"}],"author":[{"embeddable":true,"href":"https:\/\/agromt.news\/index.php?rest_route=\/wp\/v2\/users\/1"}],"replies":[{"embeddable":true,"href":"https:\/\/agromt.news\/index.php?rest_route=%2Fwp%2Fv2%2Fcomments&post=8908"}],"version-history":[{"count":0,"href":"https:\/\/agromt.news\/index.php?rest_route=\/wp\/v2\/posts\/8908\/revisions"}],"wp:featuredmedia":[{"embeddable":true,"href":"https:\/\/agromt.news\/index.php?rest_route=\/wp\/v2\/media\/8909"}],"wp:attachment":[{"href":"https:\/\/agromt.news\/index.php?rest_route=%2Fwp%2Fv2%2Fmedia&parent=8908"}],"wp:term":[{"taxonomy":"category","embeddable":true,"href":"https:\/\/agromt.news\/index.php?rest_route=%2Fwp%2Fv2%2Fcategories&post=8908"},{"taxonomy":"post_tag","embeddable":true,"href":"https:\/\/agromt.news\/index.php?rest_route=%2Fwp%2Fv2%2Ftags&post=8908"}],"curies":[{"name":"wp","href":"https:\/\/api.w.org\/{rel}","templated":true}]}}