{"id":8906,"date":"2025-02-01T18:31:11","date_gmt":"2025-02-01T22:31:11","guid":{"rendered":"https:\/\/agromt.news\/?p=8906"},"modified":"2025-02-01T18:31:11","modified_gmt":"2025-02-01T22:31:11","slug":"recuo-do-dolar-vai-repercutir-na-baixa-do-preco-dos-alimentos-diz-ministro","status":"publish","type":"post","link":"https:\/\/agromt.news\/?p=8906","title":{"rendered":"Recuo do d\u00f3lar vai repercutir na baixa do pre\u00e7o dos alimentos, diz ministro"},"content":{"rendered":"<p> <br \/>\n<br \/><img decoding=\"async\" src=\"https:\/\/agromt.news\/wp-content\/uploads\/2025\/02\/Recuo-do-dolar-vai-repercutir-na-baixa-do-preco-dos.jpg\" \/><\/p>\n<div>\n<p>O ministro do Desenvolvimento Agr\u00e1rio e da Agricultura Familiar, Paulo Teixeira, afirmou que a redu\u00e7\u00e3o do pre\u00e7o do d\u00f3lar deve refletir na baixa do pre\u00e7o dos alimentos e que a produ\u00e7\u00e3o agr\u00edcola n\u00e3o \u00e9 o problema.<\/p>\n<p>As declara\u00e7\u00f5es ocorreram neste s\u00e1bado (1\u00ba), na elei\u00e7\u00e3o da C\u00e2mara dos Deputados. Teixeira tem um mandato de deputado federal pelo PT de S\u00e3o Paulo e estava na Casa horas antes da vota\u00e7\u00e3o. Ele apoia o favorito \u00e0 presid\u00eancia da C\u00e2mara, Hugo Motta (Republicanos-PB).<\/p>\n<p>\u201cA \u00e2ncora maior do aumento do pre\u00e7o dos alimentos n\u00e3o \u00e9 a produ\u00e7\u00e3o agr\u00edcola. N\u00f3s temos a maior produ\u00e7\u00e3o agr\u00edcola do Brasil. A \u00e2ncora \u00e9 no d\u00f3lar. O d\u00f3lar subiu muito fortemente, efeito Trump, e agora baixou, o que vai repercutir na baixa dos alimentos\u201d, declarou.<\/p>\n<p>Teixeira continuou: \u201cAo mesmo tempo, tem o chamado ciclo do boi. Esse ciclo do boi, onde tem excesso de abates e falta carne, ele est\u00e1 passando. Ele est\u00e1 acabando, ele j\u00e1 acabou. Ent\u00e3o, isso vai refletir tamb\u00e9m na carne\u201d.<\/p>\n<\/div>\n<div>\n<p>O ministro tamb\u00e9m afirmou que deve haver uma pol\u00edtica de cr\u00e9dito agr\u00edcola para atingir a cesta b\u00e1sica. Segundo ele, os produtos frescos n\u00e3o tiveram impacto da infla\u00e7\u00e3o.<\/p>\n<p>\u201cN\u00f3s estamos ajustando, j\u00e1 fizemos isso no Pronaf, devemos fazer isso no Pronampe, o cr\u00e9dito agr\u00edcola, para ele repercutir sobre a cesta b\u00e1sica. Voc\u00eas podem ver que n\u00e3o teve infla\u00e7\u00e3o nos produtos frescos, in natura\u201d, declarou.<\/p>\n<p>Teixeira acrescentou: \u201cA infla\u00e7\u00e3o foi na carne, no a\u00e7\u00facar, no caf\u00e9, nos derivados de soja e milho e na laranja. Esses produtos, basta diminuir o d\u00f3lar, que voc\u00ea ter\u00e1 mais ofertas desses produtos a um pre\u00e7o mais barato\u201d.<\/p>\n<p>O ministro disse ainda que o ano est\u00e1 mais tranquilo do ponto de vista clim\u00e1tico, o que tamb\u00e9m deve ter reflexo no aumento da produ\u00e7\u00e3o agr\u00edcola. Ele afirmou, na sequ\u00eancia, que o presidente Luiz In\u00e1cio Lula da Silva tem \u201colhar de lince\u201d sobre os pre\u00e7os dos alimentos, por afetarem os mais pobres, mas que \u201cn\u00e3o pretende adotar nenhuma medida heterodoxa\u201d.<\/p>\n<\/p><\/div>\n<p><br \/>\n<br \/><a href=\"https:\/\/www.canalrural.com.br\/agricultura\/recuo-do-dolar-vai-repercutir-na-baixa-do-preco-dos-alimentos-diz-ministro\/\">Source link <\/a><\/p>\n","protected":false},"excerpt":{"rendered":"<p>O ministro do Desenvolvimento Agr\u00e1rio e da Agricultura Familiar, Paulo Teixeira, afirmou que a redu\u00e7\u00e3o do pre\u00e7o do d\u00f3lar deve<\/p>\n","protected":false},"author":1,"featured_media":8907,"comment_status":"open","ping_status":"open","sticky":false,"template":"","format":"standard","meta":{"_monsterinsights_skip_tracking":false,"_monsterinsights_sitenote_active":false,"_monsterinsights_sitenote_note":"","_monsterinsights_sitenote_category":0,"_uf_show_specific_survey":0,"_uf_disable_surveys":false,"footnotes":""},"categories":[1],"tags":[],"class_list":["post-8906","post","type-post","status-publish","format-standard","has-post-thumbnail","hentry","category-news"],"_links":{"self":[{"href":"https:\/\/agromt.news\/index.php?rest_route=\/wp\/v2\/posts\/8906"}],"collection":[{"href":"https:\/\/agromt.news\/index.php?rest_route=\/wp\/v2\/posts"}],"about":[{"href":"https:\/\/agromt.news\/index.php?rest_route=\/wp\/v2\/types\/post"}],"author":[{"embeddable":true,"href":"https:\/\/agromt.news\/index.php?rest_route=\/wp\/v2\/users\/1"}],"replies":[{"embeddable":true,"href":"https:\/\/agromt.news\/index.php?rest_route=%2Fwp%2Fv2%2Fcomments&post=8906"}],"version-history":[{"count":0,"href":"https:\/\/agromt.news\/index.php?rest_route=\/wp\/v2\/posts\/8906\/revisions"}],"wp:featuredmedia":[{"embeddable":true,"href":"https:\/\/agromt.news\/index.php?rest_route=\/wp\/v2\/media\/8907"}],"wp:attachment":[{"href":"https:\/\/agromt.news\/index.php?rest_route=%2Fwp%2Fv2%2Fmedia&parent=8906"}],"wp:term":[{"taxonomy":"category","embeddable":true,"href":"https:\/\/agromt.news\/index.php?rest_route=%2Fwp%2Fv2%2Fcategories&post=8906"},{"taxonomy":"post_tag","embeddable":true,"href":"https:\/\/agromt.news\/index.php?rest_route=%2Fwp%2Fv2%2Ftags&post=8906"}],"curies":[{"name":"wp","href":"https:\/\/api.w.org\/{rel}","templated":true}]}}