{"id":8905,"date":"2025-02-01T18:25:37","date_gmt":"2025-02-01T22:25:37","guid":{"rendered":"https:\/\/agromt.news\/?p=8905"},"modified":"2025-02-01T18:25:37","modified_gmt":"2025-02-01T22:25:37","slug":"cesta-de-laticinios-registra-alta-no-mercado-goiano","status":"publish","type":"post","link":"https:\/\/agromt.news\/?p=8905","title":{"rendered":"Cesta de latic\u00ednios registra alta no mercado goiano"},"content":{"rendered":"<p> <br \/>\n<\/p>\n<div>\n<div class=\"row\">\n<div class=\"col-lg col-infos mt-3 mt-lg-0\">\n<div class=\"section-sub-title\">\n<p itemprop=\"description\">&#13;<br \/>\n                                Pre\u00e7o dos derivados l\u00e1cteos sobe 0,54% em Goi\u00e1s&#13;\n                            <\/p>\n<\/p><\/div>\n<div class=\"container\">\n<div class=\"row\">\n<div class=\"col-lg p-0\">\n<div>\n<div class=\"block-news-main-infos mt-3 text-start\">\n<p>                                            <strong class=\"fn\" itemprop=\"author\" style=\"color: rgb(112, 112, 112); \">&#13;<br \/>\n                                                <a href=\"https:\/\/www.agrolink.com.br\/noticias\/javascript:;\" class=\"text-uppercase\" target=\"_blank\" style=\"color: rgb(112, 112, 112); \" rel=\"noopener\">Agrolink<\/a>&#13;<br \/>\n&#13;<br \/>\n                                                    &#8211; Seane Lennon&#13;<br \/>\n&#13;<br \/>\n                                            <\/strong><br \/>\n                                        <\/p>\n<p>                                            <abbr><time datetime=\"2025-01-31T17:59\" itemprop=\"datePublished dateModified\">Publicado em 31\/01\/2025 \u00e0s 17:59h.<\/time><\/abbr><br \/>\n                                            <\/p><\/div>\n<\/p><\/div>\n<\/p><\/div>\n<div class=\"col-lg p-0 text-lg-end\">\n<div>\n<div id=\"mdEnviarPagina\" class=\"modal fade\" role=\"dialog\">\n<div class=\"modal-dialog\">\n<div class=\"modal-content\">\n<div class=\"modal-body\">\n<p><strong>Estimado usu\u00e1rio.<\/strong><br \/>Preencha o formul\u00e1rio abaixo para remeter a p\u00e1gina.<\/p>\n<\/p><\/div>\n<\/p><\/div>\n<\/p><\/div>\n<\/div><\/div>\n<\/p><\/div>\n<\/p><\/div>\n<\/p><\/div>\n<\/p><\/div>\n<\/p><\/div>\n<div class=\"row justify-content-md-center mt-3\">\n<div class=\"col-lg-auto col-image  block-news-main-image d-none d-md-block\">\n<p>                                <img decoding=\"async\" src=\"https:\/\/www.agrolink.com.br\/upload\/imagens-resizes\/24525bd2f17f48a594ae92cf8e11305b_858x483.jpg\" class=\"lazyload \"\/><br \/>\n                                                <span class=\"publicity-photo d-block mt-1\">Foto: Pixabay<\/span><\/p><\/div>\n<\/p><\/div>\n<div class=\"section-description section-description-noticias mt-3\">\n<p style=\"text-align:justify\">O setor de latic\u00ednios de Goi\u00e1s registrou um leve aumento nos pre\u00e7os dos derivados do leite no in\u00edcio de 2025. Segundo o Boletim de Mercado do Setor L\u00e1cteo Goiano, divulgado pela C\u00e2mara T\u00e9cnica e de Concilia\u00e7\u00e3o da Cadeia L\u00e1ctea de Goi\u00e1s, a cesta de produtos analisada apresentou varia\u00e7\u00e3o positiva de 0,54% em janeiro.&#13;\n<\/p>\n<p style=\"text-align:justify\"><strong>Cesta de latic\u00ednios tem alta generalizada<\/strong><\/p>\n<p style=\"text-align:justify\">O levantamento aponta que todos os produtos avaliados registraram alta, com destaque para:<\/p>\n<ul>&#13;<\/p>\n<li style=\"text-align: justify;\">Creme de leite a granel: +1,06%<\/li>\n<p>&#13;<\/p>\n<li style=\"text-align: justify;\">Leite em p\u00f3 integral: +0,80%<\/li>\n<p>&#13;<\/p>\n<li style=\"text-align: justify;\">Queijo mu\u00e7arela: +0,59%<\/li>\n<p>&#13;<\/p>\n<li style=\"text-align: justify;\">Leite UHT integral: +0,34%<\/li>\n<p>&#13;<\/p>\n<li style=\"text-align: justify;\">Leite condensado: +0,02%<\/li>\n<p>&#13;\n<\/ul>\n<p style=\"text-align:justify\">A valoriza\u00e7\u00e3o reflete a din\u00e2mica do mercado atacadista, que considera os pre\u00e7os recebidos pela ind\u00fastria na comercializa\u00e7\u00e3o dos produtos.<\/p>\n<p style=\"text-align:justify\">O Boletim de Mercado do Setor L\u00e1cteo Goiano \u00e9 uma iniciativa do Governo de Goi\u00e1s, por meio da Seapa, Instituto Mauro Borges (IMB), Faeg e Sindileite. Seu objetivo \u00e9 monitorar a evolu\u00e7\u00e3o dos pre\u00e7os dos latic\u00ednios, oferecendo uma an\u00e1lise detalhada dos principais derivados e auxiliando produtores e ind\u00fastrias na tomada de decis\u00f5es estrat\u00e9gicas.&#13;\n<\/p>\n<p style=\"text-align:justify\">O estudo avalia a cesta de produtos representativos da cadeia l\u00e1ctea goiana, permitindo uma vis\u00e3o ampla do setor e servindo como indicador econ\u00f4mico para ajustes na produ\u00e7\u00e3o e comercializa\u00e7\u00e3o. Com o in\u00edcio do ano apontando alta nos pre\u00e7os, o mercado segue atento \u00e0 demanda do consumidor e \u00e0 oferta de leite no estado, fatores determinantes para as pr\u00f3ximas varia\u00e7\u00f5es.&#13;\n<\/p>\n<\/p><\/div>\n<\/p><\/div>\n<p><script data-cfasync=\"false\">\n    !function (f, b, e, v, n, t, s) {\n        if (f.fbq) return; n = f.fbq = function () {\n            n.callMethod ?\n                n.callMethod.apply(n, arguments) : n.queue.push(arguments)\n        };\n        if (!f._fbq) f._fbq = n; n.push = n; n.loaded = !0; n.version = '2.0';\n        n.queue = []; t = b.createElement(e); t.async = !0;\n        t.src = v; s = b.getElementsByTagName(e)[0];\n        s.parentNode.insertBefore(t, s)\n    }(window, document, 'script',\n        'https:\/\/connect.facebook.net\/en_US\/fbevents.js');\n    fbq('init', '522546078623747');\n    fbq('track', 'PageView');\n<\/script><br \/>\n<br \/><br \/>\n<br \/><a href=\"https:\/\/www.agrolink.com.br\/noticias\/cesta-de-laticinios-registra-alta-no-mercado-goiano_498936.html\">Source link <\/a><\/p>\n","protected":false},"excerpt":{"rendered":"<p>&#13; Pre\u00e7o dos derivados l\u00e1cteos sobe 0,54% em Goi\u00e1s&#13; &#13; Agrolink&#13; &#13; &#8211; Seane Lennon&#13; &#13; Publicado em 31\/01\/2025 \u00e0s<\/p>\n","protected":false},"author":1,"featured_media":7133,"comment_status":"open","ping_status":"open","sticky":false,"template":"","format":"standard","meta":{"_monsterinsights_skip_tracking":false,"_monsterinsights_sitenote_active":false,"_monsterinsights_sitenote_note":"","_monsterinsights_sitenote_category":0,"_uf_show_specific_survey":0,"_uf_disable_surveys":false,"footnotes":""},"categories":[8,1,14],"tags":[],"class_list":["post-8905","post","type-post","status-publish","format-standard","has-post-thumbnail","hentry","category-agro","category-news","category-politica-agro"],"_links":{"self":[{"href":"https:\/\/agromt.news\/index.php?rest_route=\/wp\/v2\/posts\/8905"}],"collection":[{"href":"https:\/\/agromt.news\/index.php?rest_route=\/wp\/v2\/posts"}],"about":[{"href":"https:\/\/agromt.news\/index.php?rest_route=\/wp\/v2\/types\/post"}],"author":[{"embeddable":true,"href":"https:\/\/agromt.news\/index.php?rest_route=\/wp\/v2\/users\/1"}],"replies":[{"embeddable":true,"href":"https:\/\/agromt.news\/index.php?rest_route=%2Fwp%2Fv2%2Fcomments&post=8905"}],"version-history":[{"count":0,"href":"https:\/\/agromt.news\/index.php?rest_route=\/wp\/v2\/posts\/8905\/revisions"}],"wp:featuredmedia":[{"embeddable":true,"href":"https:\/\/agromt.news\/index.php?rest_route=\/wp\/v2\/media\/7133"}],"wp:attachment":[{"href":"https:\/\/agromt.news\/index.php?rest_route=%2Fwp%2Fv2%2Fmedia&parent=8905"}],"wp:term":[{"taxonomy":"category","embeddable":true,"href":"https:\/\/agromt.news\/index.php?rest_route=%2Fwp%2Fv2%2Fcategories&post=8905"},{"taxonomy":"post_tag","embeddable":true,"href":"https:\/\/agromt.news\/index.php?rest_route=%2Fwp%2Fv2%2Ftags&post=8905"}],"curies":[{"name":"wp","href":"https:\/\/api.w.org\/{rel}","templated":true}]}}