{"id":8903,"date":"2025-02-01T18:02:38","date_gmt":"2025-02-01T22:02:38","guid":{"rendered":"https:\/\/agromt.news\/?p=8903"},"modified":"2025-02-01T18:02:38","modified_gmt":"2025-02-01T22:02:38","slug":"nao-estou-em-busca-de-protagonismo-diz-alcolumbre-apos-ser-eleito","status":"publish","type":"post","link":"https:\/\/agromt.news\/?p=8903","title":{"rendered":"&#8216;N\u00e3o estou em busca de protagonismo&#8217;, diz Alcolumbre ap\u00f3s ser eleito"},"content":{"rendered":"<p> <br \/>\n<\/p>\n<div>\n<p>Eleito neste s\u00e1bado (1\u00ba) para presidir o <strong><a href=\"http:\/\/www.canalrural.com.br\/tag\/senado\/\">Senado <\/a><\/strong>Federal no bi\u00eanio 2025-2026, o senador Davi Alcolumbre (Uni\u00e3o Brasil-AP), em seu primeiro discurso no plen\u00e1rio da Casa, disse n\u00e3o estar em busca de protagonismo. \u201cN\u00e3o \u00e9 isso que me move aqui. Quero ser um catalisador desse Senado. E ajudar a construir os consensos que forem necess\u00e1rios para melhorar a vida da popula\u00e7\u00e3o brasileira\u201d.<img decoding=\"async\" src=\"https:\/\/agromt.news\/wp-content\/uploads\/2025\/02\/Nao-estou-em-busca-de-protagonismo-diz-Alcolumbre-apos-ser.png\"\/><img decoding=\"async\" src=\"https:\/\/agromt.news\/wp-content\/uploads\/2025\/02\/Nao-estou-em-busca-de-protagonismo-diz-Alcolumbre-apos-ser.png\"\/><img decoding=\"async\" src=\"https:\/\/agromt.news\/wp-content\/uploads\/2025\/02\/Nao-estou-em-busca-de-protagonismo-diz-Alcolumbre-apos-ser.gif\"\/><img decoding=\"async\" src=\"https:\/\/agromt.news\/wp-content\/uploads\/2025\/02\/Nao-estou-em-busca-de-protagonismo-diz-Alcolumbre-apos-ser.gif\"\/><\/p>\n<p>\u201cTenham certeza de que continuo igual. Volto a presidir o Senado Federal, mas continuo sendo um senador, como cada um dos senhores e das senhoras. Nem maior, nem melhor do que ningu\u00e9m\u201d, destacou. Alcolumbre lembrou que, h\u00e1 exatos seis anos, foi eleito, pela primeira vez, para presidir o Senado \u2013 \u00e0 \u00e9poca, com 42 votos.<\/p>\n<p>\u201cSeis anos depois, com a unidade pol\u00edtica de partidos que pensam diferente, o painel marca 73 votos \u00e0 nossa candidatura. Isso representa claramente o amplo respaldo pol\u00edtico que esse plen\u00e1rio est\u00e1 conferindo ao projeto coletivo que n\u00f3s constru\u00edmos juntos. Esse amplo apoio, mesmo em um contexto com v\u00e1rias candidaturas, demonstra que o Senado Federal est\u00e1 unido e sabe a dire\u00e7\u00e3o na qual pretende caminhar\u201d, disse.<\/p>\n<\/div>\n<div>\n<p>\u201cEssa presid\u00eancia, que n\u00e3o \u00e9 apenas do Senado, mas tamb\u00e9m do Congresso Nacional inicia, portanto, com a for\u00e7a somada das senadoras e dos senadores que apoiaram esse projeto e que ser\u00e3o parte dessa constru\u00e7\u00e3o pol\u00edtica e institucional, fundamental para o Estado brasileiro\u201d.<\/p>\n<p>Alcolumbre reafirmou que, durante a sua presid\u00eancia, o Senado ser\u00e1 \u201cuma Casa de iguais, onde cada senadora e cada senador ter\u00e1 voz e espa\u00e7o, independentemente de sua ideologia ou orienta\u00e7\u00e3o pol\u00edtica\u201d. \u201cA for\u00e7a da presid\u00eancia do Senado vem da grandeza dessa institui\u00e7\u00e3o bicenten\u00e1ria que \u00e9 o Senado Federal. E ele s\u00f3 se mant\u00e9m grande, todos sabemos, pela soma das for\u00e7as\u201d.<\/p>\n<p>\u201cVamos trabalhar pelo Brasil, promover a gera\u00e7\u00e3o de emprego, o crescimento econ\u00f4mico, o desenvolvimento social, proteger a sa\u00fade p\u00fablica, dar uma educa\u00e7\u00e3o de qualidade aos brasileiros e tamb\u00e9m, muito importante, estarmos atentos todos os dias \u00e0 quest\u00e3o da seguran\u00e7a dos brasileiros.\u201d<\/p>\n<p>\u201cTodos aqui estamos genuinamente imbu\u00eddos da miss\u00e3o de contribuir para a solu\u00e7\u00e3o dos problemas do presente e para a constru\u00e7\u00e3o de um futuro mais pr\u00f3spero e mais justo para o Brasil, mas especialmente para milh\u00f5es de brasileiros que esperam isso dessa Casa. N\u00e3o do Senado, n\u00e3o da C\u00e2mara. Mas do Poder legislativo do Brasil\u201d, concluiu.<\/p>\n<\/p><\/div>\n<p><br \/>\n<br \/><a href=\"https:\/\/www.canalrural.com.br\/politica\/nao-estou-em-busca-de-protagonismo-diz-alcolumbre-apos-ser-eleito\/\">Source link <\/a><\/p>\n","protected":false},"excerpt":{"rendered":"<p>Eleito neste s\u00e1bado (1\u00ba) para presidir o Senado Federal no bi\u00eanio 2025-2026, o senador Davi Alcolumbre (Uni\u00e3o Brasil-AP), em seu<\/p>\n","protected":false},"author":1,"featured_media":8904,"comment_status":"open","ping_status":"open","sticky":false,"template":"","format":"standard","meta":{"_monsterinsights_skip_tracking":false,"_monsterinsights_sitenote_active":false,"_monsterinsights_sitenote_note":"","_monsterinsights_sitenote_category":0,"_uf_show_specific_survey":0,"_uf_disable_surveys":false,"footnotes":""},"categories":[1],"tags":[],"class_list":["post-8903","post","type-post","status-publish","format-standard","has-post-thumbnail","hentry","category-news"],"_links":{"self":[{"href":"https:\/\/agromt.news\/index.php?rest_route=\/wp\/v2\/posts\/8903"}],"collection":[{"href":"https:\/\/agromt.news\/index.php?rest_route=\/wp\/v2\/posts"}],"about":[{"href":"https:\/\/agromt.news\/index.php?rest_route=\/wp\/v2\/types\/post"}],"author":[{"embeddable":true,"href":"https:\/\/agromt.news\/index.php?rest_route=\/wp\/v2\/users\/1"}],"replies":[{"embeddable":true,"href":"https:\/\/agromt.news\/index.php?rest_route=%2Fwp%2Fv2%2Fcomments&post=8903"}],"version-history":[{"count":0,"href":"https:\/\/agromt.news\/index.php?rest_route=\/wp\/v2\/posts\/8903\/revisions"}],"wp:featuredmedia":[{"embeddable":true,"href":"https:\/\/agromt.news\/index.php?rest_route=\/wp\/v2\/media\/8904"}],"wp:attachment":[{"href":"https:\/\/agromt.news\/index.php?rest_route=%2Fwp%2Fv2%2Fmedia&parent=8903"}],"wp:term":[{"taxonomy":"category","embeddable":true,"href":"https:\/\/agromt.news\/index.php?rest_route=%2Fwp%2Fv2%2Fcategories&post=8903"},{"taxonomy":"post_tag","embeddable":true,"href":"https:\/\/agromt.news\/index.php?rest_route=%2Fwp%2Fv2%2Ftags&post=8903"}],"curies":[{"name":"wp","href":"https:\/\/api.w.org\/{rel}","templated":true}]}}