{"id":8901,"date":"2025-02-01T17:47:06","date_gmt":"2025-02-01T21:47:06","guid":{"rendered":"https:\/\/agromt.news\/?p=8901"},"modified":"2025-02-01T17:47:06","modified_gmt":"2025-02-01T21:47:06","slug":"davi-alcolumbre-e-eleito-novo-presidente-do-senado","status":"publish","type":"post","link":"https:\/\/agromt.news\/?p=8901","title":{"rendered":"Davi Alcolumbre \u00e9 eleito novo presidente do Senado"},"content":{"rendered":"<p> <br \/>\n<br \/><img decoding=\"async\" src=\"https:\/\/agromt.news\/wp-content\/uploads\/2025\/02\/Davi-Alcolumbre-e-eleito-novo-presidente-do-Senado.png\" \/><\/p>\n<div>\n<p>O senador Davi Alcolumbre (Uni\u00e3o-AP) \u00e9 o novo presidente do Senado. O parlamentar foi eleito neste s\u00e1bado (1\u00ba) em primeiro turno, com 73 votos, para um mandato que vai at\u00e9 fevereiro de 2027. Ele sucede o senador Rodrigo Pacheco (PSD-MG), que comandou a Casa nos \u00faltimos quatro anos.<\/p>\n<p>Os senadores Astronauta Marcos Pontes (PL-SP) e Eduardo Gir\u00e3o (Novo-CE), que tamb\u00e9m disputavam o cargo, obtiveram 4 votos cada um. Os senadores Marcos do Val (Podemos-ES) e Soraya Thronicke (Podemos-MS) renunciaram a suas candidaturas durante a reuni\u00e3o preparat\u00f3ria.<\/p>\n<p>Esta \u00e9 a segunda vez que Davi ocupa a Presid\u00eancia do Senado. Ele comandou a Casa pela primeira vez entre 2019 e 2021.<\/p>\n<p>David Samuel Alcolumbre Tobelem nasceu em 19 de junho de 1977, em Macap\u00e1. Come\u00e7ou a carreira pol\u00edtica como vereador da capital amapaense, eleito pelo PDT em 2001.<\/p>\n<\/div>\n<div>\n<p>No ano seguinte, elegeu-se deputado federal. Em 2005, filiou-se ao ent\u00e3o Partido da Frente Liberal (depois chamado Democratas e, hoje, Uni\u00e3o Brasil). Em 2006, conquistou um novo mandato na C\u00e2mara dos Deputados.<\/p>\n<p>Em 2009, licenciou-se para assumir o cargo de secret\u00e1rio municipal de Obras e Servi\u00e7os P\u00fablicos de Macap\u00e1, durante a gest\u00e3o do prefeito Roberto G\u00f3es. Retornou \u00e0 C\u00e2mara em mar\u00e7o de 2010, concorreu a mais um mandato e foi reeleito.<\/p>\n<p>Em 2014, foi eleito senador. Em 2015, comandou a Comiss\u00e3o de Desenvolvimento Regional e Turismo (CDR) e, em 2018, licenciou-se para concorrer ao governo do Amap\u00e1, mas n\u00e3o foi eleito.<\/p>\n<p>Na volta ao Senado, em 2019, foi escolhido presidente da Casa pela primeira vez, o mais jovem a ocupar o cargo. Naquele mesmo ano, como presidente da Rep\u00fablica em exerc\u00edcio, assinou a transfer\u00eancia definitiva das terras da Uni\u00e3o ao Amap\u00e1, uma reivindica\u00e7\u00e3o do estado de mais de 30 anos.<\/p>\n<p>Foi reeleito para o Senado em 2022 e presidia a Comiss\u00e3o de Constitui\u00e7\u00e3o e Justi\u00e7a (CCJ).<\/p>\n<\/p><\/div>\n<p><br \/>\n<br \/><a href=\"https:\/\/www.canalrural.com.br\/politica\/davi-alcolumbre-e-eleito-novo-presidente-do-senado\/\">Source link <\/a><\/p>\n","protected":false},"excerpt":{"rendered":"<p>O senador Davi Alcolumbre (Uni\u00e3o-AP) \u00e9 o novo presidente do Senado. O parlamentar foi eleito neste s\u00e1bado (1\u00ba) em primeiro<\/p>\n","protected":false},"author":1,"featured_media":8902,"comment_status":"open","ping_status":"open","sticky":false,"template":"","format":"standard","meta":{"_monsterinsights_skip_tracking":false,"_monsterinsights_sitenote_active":false,"_monsterinsights_sitenote_note":"","_monsterinsights_sitenote_category":0,"_uf_show_specific_survey":0,"_uf_disable_surveys":false,"footnotes":""},"categories":[1],"tags":[],"class_list":["post-8901","post","type-post","status-publish","format-standard","has-post-thumbnail","hentry","category-news"],"_links":{"self":[{"href":"https:\/\/agromt.news\/index.php?rest_route=\/wp\/v2\/posts\/8901"}],"collection":[{"href":"https:\/\/agromt.news\/index.php?rest_route=\/wp\/v2\/posts"}],"about":[{"href":"https:\/\/agromt.news\/index.php?rest_route=\/wp\/v2\/types\/post"}],"author":[{"embeddable":true,"href":"https:\/\/agromt.news\/index.php?rest_route=\/wp\/v2\/users\/1"}],"replies":[{"embeddable":true,"href":"https:\/\/agromt.news\/index.php?rest_route=%2Fwp%2Fv2%2Fcomments&post=8901"}],"version-history":[{"count":0,"href":"https:\/\/agromt.news\/index.php?rest_route=\/wp\/v2\/posts\/8901\/revisions"}],"wp:featuredmedia":[{"embeddable":true,"href":"https:\/\/agromt.news\/index.php?rest_route=\/wp\/v2\/media\/8902"}],"wp:attachment":[{"href":"https:\/\/agromt.news\/index.php?rest_route=%2Fwp%2Fv2%2Fmedia&parent=8901"}],"wp:term":[{"taxonomy":"category","embeddable":true,"href":"https:\/\/agromt.news\/index.php?rest_route=%2Fwp%2Fv2%2Fcategories&post=8901"},{"taxonomy":"post_tag","embeddable":true,"href":"https:\/\/agromt.news\/index.php?rest_route=%2Fwp%2Fv2%2Ftags&post=8901"}],"curies":[{"name":"wp","href":"https:\/\/api.w.org\/{rel}","templated":true}]}}