{"id":8899,"date":"2025-02-01T17:24:33","date_gmt":"2025-02-01T21:24:33","guid":{"rendered":"https:\/\/agromt.news\/?p=8899"},"modified":"2025-02-01T17:24:33","modified_gmt":"2025-02-01T21:24:33","slug":"nova-onda-de-calor-vem-ai-confira-areas-que-vao-derreter","status":"publish","type":"post","link":"https:\/\/agromt.news\/?p=8899","title":{"rendered":"Nova onda de calor vem a\u00ed! Confira \u00e1reas que v\u00e3o &#8216;derreter&#8217;"},"content":{"rendered":"<p> <br \/>\n<\/p>\n<div>\n<p>O Brasil se prepara para enfrentar uma nova onda de calor nos pr\u00f3ximos dias. O fen\u00f4meno, caracterizado por uma massa de ar quente persistente, ser\u00e1 o segundo epis\u00f3dio do tipo em 2025 e promete elevar as temperaturas acima da m\u00e9dia em v\u00e1rias regi\u00f5es do pa\u00eds.<\/p>\n<h2 class=\"wp-block-heading\" id=\"h-segunda-onda-de-calor-do-ano\">Segunda onda de calor do ano<\/h2>\n<p>Entre 15 e 19 de janeiro, o Brasil recebeu a primeira onda de calor do ano, que atingiu a regi\u00e3o Sul, trazendo temperaturas extremamente elevadas. Nesse per\u00edodo, Quara\u00ed (RS) registrou 39,6 \u00b0C,\u00a0S\u00e3o Borja\u00a0(RS) chegou a 39,4 \u00b0C e\u00a0Porto Murtinho\u00a0(MS) marcou impressionantes 42,1 \u00b0C. <\/p>\n<p>A Climatempo destaca que o fen\u00f4meno La Ni\u00f1a tem dificultado a expans\u00e3o do calor pelo territ\u00f3rio brasileiro. Isso acontece porque o fen\u00f4meno favorece a forma\u00e7\u00e3o de canais de umidade, que atenuam o calor e limitam sua propaga\u00e7\u00e3o para outras regi\u00f5es do pa\u00eds. Mesmo assim, a nova onda de calor conseguir\u00e1 se estabelecer, especialmente na faixa centro-sul do Brasil assim como a primeira de 2025.<\/p>\n<h2 class=\"wp-block-heading\" id=\"h-segunda-onda-de-calor\">Segunda onda de calor <\/h2>\n<p>A nova onda de calor come\u00e7a neste domingo (2) e se estende at\u00e9 a pr\u00f3xima sexta-feira (7). De acordo com a <strong><a href=\"https:\/\/www.canalrural.com.br\/autor\/climatempo\/\">Climatempo<\/a><\/strong>, durante esse per\u00edodo, as temperaturas, normalmente elevadas nesta \u00e9poca do ano, subir\u00e3o acima da m\u00e9dia climatol\u00f3gica para o m\u00eas de fevereiro.<\/p>\n<figure class=\"wp-block-image size-large\"><img fetchpriority=\"high\" decoding=\"async\" width=\"1024\" height=\"576\" alt=\"\" class=\"wp-image-4085810\"  data-lazy- src=\"https:\/\/agromt.news\/wp-content\/uploads\/2025\/02\/Nova-onda-de-calor-vem-ai-Confira-areas-que-vao.png\"\/><img decoding=\"async\" width=\"1024\" height=\"576\" src=\"https:\/\/agromt.news\/wp-content\/uploads\/2025\/02\/Nova-onda-de-calor-vem-ai-Confira-areas-que-vao.png\" alt=\"\" class=\"wp-image-4085810\"  \/><\/figure>\n<p>As \u00e1reas que ir\u00e3o sentir essa eleva\u00e7\u00e3o de temperatura <em>(em vermelho no mapa)<\/em> incluem:<\/p>\n<ul class=\"wp-block-list\">\n<li>oeste e sul de\u00a0Mato Grosso\u00a0do Sul, <\/li>\n<li>oeste e sudoeste do Paran\u00e1, <\/li>\n<li>oeste de\u00a0Santa Catarina, <\/li>\n<li>regi\u00f5es norte, Miss\u00f5es, central, oeste e\u00a0Campanha\u00a0do Rio Grande do Sul. <\/li>\n<\/ul>\n<\/div>\n<div>\n<p>Nessas localidades, as temperaturas devem ficar at\u00e9 5 \u00b0C acima do normal por pelo menos cinco dias, caracterizando uma onda de calor \u201ccl\u00e1ssica\u201d.<\/p>\n<p>Outras \u00e1reas <em>(em laranja no mapa)<\/em> tamb\u00e9m ter\u00e3o temperaturas mais altas, mas sem atender a todos os crit\u00e9rios para serem consideradas parte da onda de calor. Nesses locais, os term\u00f4metros podem subir entre 3 \u00b0C e 5 \u00b0C acima da m\u00e9dia, variando ao longo do per\u00edodo. <\/p>\n<p>Essas \u00e1reas incluem:<\/p>\n<ul class=\"wp-block-list\">\n<li>extremo sudoeste de Mato Grosso,<\/li>\n<li>regi\u00f5es noroeste, central e sudeste de Mato Grosso do Sul, <\/li>\n<li>noroeste, central e sudeste do Paran\u00e1, <\/li>\n<li>leste de Santa Catarina,\u00a0<\/li>\n<li>Porto Alegre, regi\u00e3o serrana , Regi\u00e3o Metropolitana de Porto Alegre, vales e sul do Rio Grande do Sul.<\/li>\n<\/ul>\n<h2 class=\"wp-block-heading\">Pode chover durante a onda de calor?<\/h2>\n<p>A Climatempo afirma que pode haver chuva nesse per\u00edodo, embora a massa de ar quente tenda a inibir a forma\u00e7\u00e3o de nuvens. <\/p>\n<p>Ainda estamos no ver\u00e3o, e h\u00e1 bastante umidade dispon\u00edvel na atmosfera. Por essa raz\u00e3o, pancadas isoladas de chuva n\u00e3o est\u00e3o descartadas, principalmente no per\u00edodo da tarde e \u00e0 noite.<\/p>\n<\/p><\/div>\n<p><br \/>\n<br \/><a href=\"https:\/\/www.canalrural.com.br\/tempo\/nova-onda-de-calor-vem-ai-confira-areas-que-vao-derreter\/\">Source link <\/a><\/p>\n","protected":false},"excerpt":{"rendered":"<p>O Brasil se prepara para enfrentar uma nova onda de calor nos pr\u00f3ximos dias. O fen\u00f4meno, caracterizado por uma massa<\/p>\n","protected":false},"author":1,"featured_media":8900,"comment_status":"open","ping_status":"open","sticky":false,"template":"","format":"standard","meta":{"_monsterinsights_skip_tracking":false,"_monsterinsights_sitenote_active":false,"_monsterinsights_sitenote_note":"","_monsterinsights_sitenote_category":0,"_uf_show_specific_survey":0,"_uf_disable_surveys":false,"footnotes":""},"categories":[1],"tags":[],"class_list":["post-8899","post","type-post","status-publish","format-standard","has-post-thumbnail","hentry","category-news"],"_links":{"self":[{"href":"https:\/\/agromt.news\/index.php?rest_route=\/wp\/v2\/posts\/8899"}],"collection":[{"href":"https:\/\/agromt.news\/index.php?rest_route=\/wp\/v2\/posts"}],"about":[{"href":"https:\/\/agromt.news\/index.php?rest_route=\/wp\/v2\/types\/post"}],"author":[{"embeddable":true,"href":"https:\/\/agromt.news\/index.php?rest_route=\/wp\/v2\/users\/1"}],"replies":[{"embeddable":true,"href":"https:\/\/agromt.news\/index.php?rest_route=%2Fwp%2Fv2%2Fcomments&post=8899"}],"version-history":[{"count":0,"href":"https:\/\/agromt.news\/index.php?rest_route=\/wp\/v2\/posts\/8899\/revisions"}],"wp:featuredmedia":[{"embeddable":true,"href":"https:\/\/agromt.news\/index.php?rest_route=\/wp\/v2\/media\/8900"}],"wp:attachment":[{"href":"https:\/\/agromt.news\/index.php?rest_route=%2Fwp%2Fv2%2Fmedia&parent=8899"}],"wp:term":[{"taxonomy":"category","embeddable":true,"href":"https:\/\/agromt.news\/index.php?rest_route=%2Fwp%2Fv2%2Fcategories&post=8899"},{"taxonomy":"post_tag","embeddable":true,"href":"https:\/\/agromt.news\/index.php?rest_route=%2Fwp%2Fv2%2Ftags&post=8899"}],"curies":[{"name":"wp","href":"https:\/\/api.w.org\/{rel}","templated":true}]}}