{"id":889,"date":"2024-08-29T08:05:20","date_gmt":"2024-08-29T12:05:20","guid":{"rendered":"https:\/\/agromt.news\/?p=889"},"modified":"2024-08-29T08:05:20","modified_gmt":"2024-08-29T12:05:20","slug":"brasil-e-coreia-do-sul-intensificam-parcerias-no-setor-agropecuario","status":"publish","type":"post","link":"https:\/\/agromt.news\/?p=889","title":{"rendered":"Brasil e Coreia do Sul intensificam parcerias no setor agropecu\u00e1rio"},"content":{"rendered":"<p> <br \/>\n<\/p>\n<div>\n<div class=\"row\">\n<div class=\"col-lg col-infos mt-3 mt-lg-0\">\n<div class=\"section-sub-title\">\n<p itemprop=\"description\">\nMiss\u00e3o do Mapa fortalece rela\u00e7\u00f5es comerciais com a Coreia do Sul\n<\/p>\n<\/div>\n<div class=\"container\">\n<div class=\"row\">\n<div class=\"col-lg p-0\">\n<div>\n<div class=\"block-news-main-infos mt-3 text-start\">\n<strong class=\"fn\" itemprop=\"author\" style=\"color: rgb(112, 112, 112); \"><br \/>\n<a href=\"https:\/\/www.agrolink.com.br\/noticias\/javascript:;\" class=\"text-uppercase\" target=\"_blank\" style=\"color: rgb(112, 112, 112); \" rel=\"noopener\">Agrolink<\/a><br \/>\n&#8211; Seane Lennon<br \/>\n<\/strong><br \/>\n<br \/>\n<abbr><time datetime=\"2024-08-27T16:32\" itemprop=\"datePublished dateModified\">Publicado em 27\/08\/2024 \u00e0s 16:32h.<\/time><\/abbr>\n<\/div>\n<\/div>\n<\/div>\n<div class=\"col-lg p-0 text-lg-end\">\n<div>\n<div id=\"mdEnviarPagina\" class=\"modal fade\" role=\"dialog\">\n<div class=\"modal-dialog\">\n<div class=\"modal-content\">\n<div class=\"modal-body\">\n<p><strong>Estimado usu\u00e1rio.<\/strong><br \/>Preencha o formul\u00e1rio abaixo para remeter a p\u00e1gina.<\/p>\n<\/div>\n<\/div>\n<\/div>\n<\/div>\n<\/div>\n<\/div>\n<\/div>\n<\/div>\n<\/div>\n<\/div>\n<div class=\"row justify-content-md-center mt-3\">\n<div class=\"col-lg-auto col-image  block-news-main-image d-none d-md-block\">\n<img decoding=\"async\" src=\"https:\/\/www.agrolink.com.br\/upload\/imagens-resizes\/ea85c5eba4704fee8005b7e0329444d4_858x483.jpg\" class=\"lazyload\"\/><br \/>\n<span class=\"publicity-photo d-block mt-1\">Foto: Divulga\u00e7\u00e3o<\/span>\n<\/div>\n<\/div>\n<div class=\"section-description section-description-noticias mt-3\">\n<p style=\"text-align:justify\">O Minist\u00e9rio da Agricultura e Pecu\u00e1ria (Mapa) deu um passo importante para expandir as exporta\u00e7\u00f5es do agroneg\u00f3cio brasileiro ao intensificar negocia\u00e7\u00f5es com a Coreia do Sul. Durante uma miss\u00e3o realizada na \u00faltima semana em Seul, o secret\u00e1rio de Com\u00e9rcio e Rela\u00e7\u00f5es Internacionais, Roberto Perosa, acompanhado pelo adido agr\u00edcola Ricardo Zanatta, participou de reuni\u00f5es estrat\u00e9gicas para fortalecer as rela\u00e7\u00f5es bilaterais e discutir o acesso de produtos agropecu\u00e1rios brasileiros ao mercado sul-coreano, conforme o informado pelo Mapa.\n<\/p>\n<p style=\"text-align:justify\">Segundo o Mapa, em um dos principais encontros, Perosa e a embaixadora do Brasil em Seul, M\u00e1rcia Donner Abreu, se reuniram com o ministro adjunto de Coordena\u00e7\u00e3o e Planejamento do Minist\u00e9rio da Agricultura, Alimenta\u00e7\u00e3o e Assuntos Rurais (MAFRA) da Coreia do Sul, Kang Hyoung-Seok. As discuss\u00f5es inclu\u00edram a finaliza\u00e7\u00e3o do processo de regionaliza\u00e7\u00e3o para a Influenza Avi\u00e1ria de Alta Patogenicidade (IAAP), a abertura do mercado sul-coreano para a carne bovina brasileira, e a expans\u00e3o da \u00e1rea autorizada para exporta\u00e7\u00e3o de carne su\u00edna dos estados do Rio Grande do Sul e Paran\u00e1.<\/p>\n<p style=\"text-align:justify\">Al\u00e9m disso, representantes do Mapa se encontraram com a comiss\u00e1ria da Ag\u00eancia de Quarentena Animal e Vegetal (APQA), Kim Jung-hee, para avan\u00e7ar nas tratativas relacionadas \u00e0 carne bovina e su\u00edna, e discutir o potencial de exporta\u00e7\u00e3o de uvas de mesa brasileiras para a Coreia do Sul. A possibilidade de acesso dos morangos coreanos ao mercado brasileiro tamb\u00e9m foi abordada, sinalizando o interesse em diversificar as trocas comerciais entre os dois pa\u00edses.\n<\/p>\n<p style=\"text-align:justify\">Outro destaque da miss\u00e3o foi a reuni\u00e3o com Choi Ji-young, ministro adjunto de Assuntos Internacionais do Minist\u00e9rio de Economia e Finan\u00e7as (MOEF), onde foram debatidos temas como a contribui\u00e7\u00e3o da produ\u00e7\u00e3o agropecu\u00e1ria brasileira para a seguran\u00e7a alimentar na Coreia do Sul e o controle da infla\u00e7\u00e3o, al\u00e9m de potenciais investimentos coreanos no projeto de recupera\u00e7\u00e3o de pastagens degradadas no Brasil, de acordo com\u00a0as\u00a0informa\u00e7\u00f5es do\u00a0Mapa.<\/p>\n<p style=\"text-align:justify\">\u201cEsta miss\u00e3o fortaleceu ainda mais os la\u00e7os comerciais e a coopera\u00e7\u00e3o entre Brasil e Coreia do Sul. As discuss\u00f5es abriram novas possibilidades para o agro brasileiro, especialmente em um mercado t\u00e3o estrat\u00e9gico como o coreano. Estamos confiantes de que essas negocia\u00e7\u00f5es resultar\u00e3o em importantes avan\u00e7os para nossos produtores e para a economia brasileira\u201d, afirmou o secret\u00e1rio Roberto Perosa.\n<\/p>\n<\/div>\n<\/div>\n<p><script data-cfasync=\"false\">\n    !function (f, b, e, v, n, t, s) {\n        if (f.fbq) return; n = f.fbq = function () {\n            n.callMethod ?\n                n.callMethod.apply(n, arguments) : n.queue.push(arguments)\n        };\n        if (!f._fbq) f._fbq = n; n.push = n; n.loaded = !0; n.version = '2.0';\n        n.queue = []; t = b.createElement(e); t.async = !0;\n        t.src = v; s = b.getElementsByTagName(e)[0];\n        s.parentNode.insertBefore(t, s)\n    }(window, document, 'script',\n        'https:\/\/connect.facebook.net\/en_US\/fbevents.js');\n    fbq('init', '522546078623747');\n    fbq('track', 'PageView');\n<\/script><br \/>\n<br \/><br \/>\n<br \/><a href=\"https:\/\/www.agrolink.com.br\/noticias\/brasil-e-coreia-do-sul-intensificam-parcerias-no-setor-agropecuario_494393.html\">Source link <\/a><\/p>\n","protected":false},"excerpt":{"rendered":"<p>Miss\u00e3o do Mapa fortalece rela\u00e7\u00f5es comerciais com a Coreia do Sul Agrolink &#8211; Seane Lennon Publicado em 27\/08\/2024 \u00e0s 16:32h.<\/p>\n","protected":false},"author":1,"featured_media":890,"comment_status":"open","ping_status":"open","sticky":false,"template":"","format":"standard","meta":{"_monsterinsights_skip_tracking":false,"_monsterinsights_sitenote_active":false,"_monsterinsights_sitenote_note":"","_monsterinsights_sitenote_category":0,"_uf_show_specific_survey":0,"_uf_disable_surveys":false,"footnotes":""},"categories":[8,1,14],"tags":[],"class_list":["post-889","post","type-post","status-publish","format-standard","has-post-thumbnail","hentry","category-agro","category-news","category-politica-agro"],"_links":{"self":[{"href":"https:\/\/agromt.news\/index.php?rest_route=\/wp\/v2\/posts\/889"}],"collection":[{"href":"https:\/\/agromt.news\/index.php?rest_route=\/wp\/v2\/posts"}],"about":[{"href":"https:\/\/agromt.news\/index.php?rest_route=\/wp\/v2\/types\/post"}],"author":[{"embeddable":true,"href":"https:\/\/agromt.news\/index.php?rest_route=\/wp\/v2\/users\/1"}],"replies":[{"embeddable":true,"href":"https:\/\/agromt.news\/index.php?rest_route=%2Fwp%2Fv2%2Fcomments&post=889"}],"version-history":[{"count":0,"href":"https:\/\/agromt.news\/index.php?rest_route=\/wp\/v2\/posts\/889\/revisions"}],"wp:featuredmedia":[{"embeddable":true,"href":"https:\/\/agromt.news\/index.php?rest_route=\/wp\/v2\/media\/890"}],"wp:attachment":[{"href":"https:\/\/agromt.news\/index.php?rest_route=%2Fwp%2Fv2%2Fmedia&parent=889"}],"wp:term":[{"taxonomy":"category","embeddable":true,"href":"https:\/\/agromt.news\/index.php?rest_route=%2Fwp%2Fv2%2Fcategories&post=889"},{"taxonomy":"post_tag","embeddable":true,"href":"https:\/\/agromt.news\/index.php?rest_route=%2Fwp%2Fv2%2Ftags&post=889"}],"curies":[{"name":"wp","href":"https:\/\/api.w.org\/{rel}","templated":true}]}}