{"id":8889,"date":"2025-02-01T12:45:11","date_gmt":"2025-02-01T16:45:11","guid":{"rendered":"https:\/\/agromt.news\/?p=8889"},"modified":"2025-02-01T12:45:11","modified_gmt":"2025-02-01T16:45:11","slug":"veja-a-previsao-do-tempo-para-fevereiro-em-todas-as-regioes","status":"publish","type":"post","link":"https:\/\/agromt.news\/?p=8889","title":{"rendered":"veja a previs\u00e3o do tempo para fevereiro em todas as regi\u00f5es"},"content":{"rendered":"<p> <br \/>\n<\/p>\n<div>\n<p>O m\u00eas de fevereiro manter\u00e1 o padr\u00e3o clim\u00e1tico observado em janeiro, com chuvas frequentes em grande parte do Brasil e calor intenso em algumas \u00e1reas. De acordo com a Climatempo, a atua\u00e7\u00e3o do fen\u00f4meno <strong><a href=\"http:\/\/www.canalrural.com.br\/tag\/la-nina\/\">La Ni\u00f1a<\/a><\/strong> continuar\u00e1 facilitando a passagem de frentes frias do Sul para o Sudeste e estimulando a forma\u00e7\u00e3o de corredores de umidade e Zonas de Converg\u00eancia do Atl\u00e2ntico Sul (ZCAS), principalmente no Norte, Centro-Oeste e Sudeste.<\/p>\n<p>Al\u00e9m disso, a Zona de Converg\u00eancia Intertropical (ZCIT) ficar\u00e1 mais ativa, favorecendo chuvas no extremo norte do pa\u00eds e no litoral do Maranh\u00e3o ao Rio Grande do Norte.<\/p>\n<figure class=\"wp-block-image size-large\"><img fetchpriority=\"high\" decoding=\"async\" width=\"1024\" height=\"576\" alt=\"\" class=\"wp-image-4085801\"  data-lazy- src=\"https:\/\/agromt.news\/wp-content\/uploads\/2025\/02\/veja-a-previsao-do-tempo-para-fevereiro-em-todas-as.png\"\/><img decoding=\"async\" width=\"1024\" height=\"576\" src=\"https:\/\/agromt.news\/wp-content\/uploads\/2025\/02\/veja-a-previsao-do-tempo-para-fevereiro-em-todas-as.png\" alt=\"\" class=\"wp-image-4085801\"  \/><figcaption class=\"wp-element-caption\"><em>Fonte: Climatempo<\/em><\/figcaption><\/figure>\n<h3 class=\"wp-block-heading\" id=\"h-chuvas-e-temperaturas-em-fevereiro\"><strong>Chuvas e temperaturas em fevereiro<\/strong><\/h3>\n<p>A Climatempo lembra que fevereiro \u00e9 historicamente um m\u00eas chuvoso no Brasil, com alta frequ\u00eancia de temporais devido ao excesso de calor e umidade. No centro-leste do Nordeste, por\u00e9m, o per\u00edodo ainda \u00e9 marcado por menor volume de precipita\u00e7\u00f5es.<\/p>\n<p>Quanto \u00e0s temperaturas, a nebulosidade e a chuva constante impedir\u00e3o a forma\u00e7\u00e3o de ondas de calor na maior parte do pa\u00eds. <\/p>\n<p>No entanto, h\u00e1 previs\u00e3o de temperaturas acima da m\u00e9dia e ondas de calor no Rio Grande do Sul; na fronteira do Brasil com o Paraguai, entre o Pantanal de\u00a0Mato Grosso\u00a0do Sul e o oeste do Paran\u00e1 e de\u00a0Santa Catarina; e no litoral do Sudeste.<\/p>\n<\/div>\n<div>\n<figure class=\"wp-block-image size-large\"><img decoding=\"async\" width=\"1024\" height=\"576\" alt=\"\" class=\"wp-image-4085800\"  data-lazy- src=\"https:\/\/agromt.news\/wp-content\/uploads\/2025\/02\/1738428311_454_veja-a-previsao-do-tempo-para-fevereiro-em-todas-as.png\"\/><img loading=\"lazy\" decoding=\"async\" width=\"1024\" height=\"576\" src=\"https:\/\/agromt.news\/wp-content\/uploads\/2025\/02\/1738428311_454_veja-a-previsao-do-tempo-para-fevereiro-em-todas-as.png\" alt=\"\" class=\"wp-image-4085800\"  \/><figcaption class=\"wp-element-caption\"><em>Fonte: Climatempo<\/em><\/figcaption><\/figure>\n<h3 class=\"wp-block-heading\" id=\"h-previsao-do-tempo-por-regiao\"><strong>Previs\u00e3o do tempo por regi\u00e3o<\/strong><\/h3>\n<h4 class=\"wp-block-heading\" id=\"h-sul\"><strong>Sul<\/strong><\/h4>\n<ul class=\"wp-block-list\">\n<li>O Rio Grande do Sul seguir\u00e1 com baixa frequ\u00eancia de chuvas, concentradas principalmente no norte do estado.<\/li>\n<li>Santa Catarina e Paran\u00e1 ter\u00e3o volumes de chuva acima da m\u00e9dia em algumas \u00e1reas do interior.<\/li>\n<li>Ap\u00f3s a passagem de frentes frias, h\u00e1 previs\u00e3o de circula\u00e7\u00e3o mar\u00edtima intensa, o que pode resultar em epis\u00f3dios de chuva forte no litoral catarinense e paranaense.<\/li>\n<\/ul>\n<h4 class=\"wp-block-heading\" id=\"h-sudeste\"><strong>Sudeste<\/strong><\/h4>\n<ul class=\"wp-block-list\">\n<li>A regi\u00e3o continuar\u00e1 recebendo grandes volumes de chuva ao longo de fevereiro, principalmente devido \u00e0 atua\u00e7\u00e3o da ZCAS.<\/li>\n<li>A chuva mais intensa ocorrer\u00e1 entre S\u00e3o Paulo, centro-oeste e sul de Minas Gerais e centro-sul do Rio de Janeiro.<\/li>\n<li>Regi\u00f5es como Esp\u00edrito Santo, norte do Rio de Janeiro e noroeste de Minas Gerais ter\u00e3o per\u00edodos de calor intenso e baixa precipita\u00e7\u00e3o no in\u00edcio do m\u00eas, mas podem registrar chuvas significativas ao longo das semanas.<\/li>\n<li>As regi\u00f5es metropolitanas de Belo Horizonte, Rio de Janeiro e S\u00e3o Paulo permanecer\u00e3o sob alerta de tempestades.<\/li>\n<li>\u00c1reas serranas do Sudeste, como Serra da Mantiqueira e Serra do Mar, ter\u00e3o risco elevado de deslizamentos.<\/li>\n<\/ul>\n<h4 class=\"wp-block-heading\" id=\"h-centro-oeste\"><strong>Centro-Oeste<\/strong><\/h4>\n<ul class=\"wp-block-list\">\n<li>O Centro-Oeste continuar\u00e1 com pancadas de chuva frequentes, principalmente no centro-sul de Goi\u00e1s e no norte e centro-leste de Mato Grosso.<\/li>\n<li>Mato Grosso do Sul ter\u00e1 maior volume de chuvas no leste e nordeste do estado.<\/li>\n<li>O Pantanal e o sul de Mato Grosso do Sul devem registrar menos chuva que a m\u00e9dia hist\u00f3rica, com temperaturas acima do normal.<\/li>\n<li>O Distrito Federal e o leste e norte de Goi\u00e1s ter\u00e3o chuvas mais irregulares, sem influ\u00eancia marcante dos corredores de umidade.<\/li>\n<\/ul>\n<h4 class=\"wp-block-heading\" id=\"h-norte\"><strong>Norte<\/strong><\/h4>\n<ul class=\"wp-block-list\">\n<li>A maior parte da regi\u00e3o ter\u00e1 chuvas regulares ao longo do m\u00eas.<\/li>\n<li>Amazonas, Roraima, oeste e sul do Par\u00e1 e parte do Amap\u00e1 ter\u00e3o precipita\u00e7\u00f5es intensificadas por corredores de umidade e epis\u00f3dios de ZCAS.<\/li>\n<li>A ZCIT contribuir\u00e1 para volumes elevados de chuva no Amap\u00e1 e no norte do Par\u00e1.<\/li>\n<li>No Tocantins, as pancadas de chuva continuar\u00e3o, mas sem expectativa de volumes acima da m\u00e9dia.<\/li>\n<\/ul>\n<h4 class=\"wp-block-heading\" id=\"h-nordeste\"><strong>Nordeste<\/strong><\/h4>\n<ul class=\"wp-block-list\">\n<li>A aten\u00e7\u00e3o estar\u00e1 voltada para o norte da regi\u00e3o, onde a ZCIT intensificar\u00e1 as chuvas no Maranh\u00e3o, Piau\u00ed, Cear\u00e1 e Rio Grande do Norte.<\/li>\n<li>O litoral leste nordestino ter\u00e1 chuvas regulares, por\u00e9m com volumes reduzidos.<\/li>\n<li>O oceano Atl\u00e2ntico aquecido pode favorecer epis\u00f3dios de chuva forte em todas as capitais, de Natal a Salvador.<\/li>\n<\/ul>\n<p>A previs\u00e3o indica que fevereiro manter\u00e1 o padr\u00e3o de chuvas intensas, com potencial para transtornos em \u00e1reas j\u00e1 saturadas, al\u00e9m de temperaturas elevadas em pontos isolados do pa\u00eds.<\/p>\n<\/p><\/div>\n<p><br \/>\n<br \/><a href=\"https:\/\/www.canalrural.com.br\/tempo\/tempestades-e-calor-veja-a-previsao-do-tempo-para-fevereiro-em-todas-as-regioes\/\">Source link <\/a><\/p>\n","protected":false},"excerpt":{"rendered":"<p>O m\u00eas de fevereiro manter\u00e1 o padr\u00e3o clim\u00e1tico observado em janeiro, com chuvas frequentes em grande parte do Brasil e<\/p>\n","protected":false},"author":1,"featured_media":5955,"comment_status":"open","ping_status":"open","sticky":false,"template":"","format":"standard","meta":{"_monsterinsights_skip_tracking":false,"_monsterinsights_sitenote_active":false,"_monsterinsights_sitenote_note":"","_monsterinsights_sitenote_category":0,"_uf_show_specific_survey":0,"_uf_disable_surveys":false,"footnotes":""},"categories":[1],"tags":[],"class_list":["post-8889","post","type-post","status-publish","format-standard","has-post-thumbnail","hentry","category-news"],"_links":{"self":[{"href":"https:\/\/agromt.news\/index.php?rest_route=\/wp\/v2\/posts\/8889"}],"collection":[{"href":"https:\/\/agromt.news\/index.php?rest_route=\/wp\/v2\/posts"}],"about":[{"href":"https:\/\/agromt.news\/index.php?rest_route=\/wp\/v2\/types\/post"}],"author":[{"embeddable":true,"href":"https:\/\/agromt.news\/index.php?rest_route=\/wp\/v2\/users\/1"}],"replies":[{"embeddable":true,"href":"https:\/\/agromt.news\/index.php?rest_route=%2Fwp%2Fv2%2Fcomments&post=8889"}],"version-history":[{"count":0,"href":"https:\/\/agromt.news\/index.php?rest_route=\/wp\/v2\/posts\/8889\/revisions"}],"wp:featuredmedia":[{"embeddable":true,"href":"https:\/\/agromt.news\/index.php?rest_route=\/wp\/v2\/media\/5955"}],"wp:attachment":[{"href":"https:\/\/agromt.news\/index.php?rest_route=%2Fwp%2Fv2%2Fmedia&parent=8889"}],"wp:term":[{"taxonomy":"category","embeddable":true,"href":"https:\/\/agromt.news\/index.php?rest_route=%2Fwp%2Fv2%2Fcategories&post=8889"},{"taxonomy":"post_tag","embeddable":true,"href":"https:\/\/agromt.news\/index.php?rest_route=%2Fwp%2Fv2%2Ftags&post=8889"}],"curies":[{"name":"wp","href":"https:\/\/api.w.org\/{rel}","templated":true}]}}