{"id":8887,"date":"2025-02-01T12:02:23","date_gmt":"2025-02-01T16:02:23","guid":{"rendered":"https:\/\/agromt.news\/?p=8887"},"modified":"2025-02-01T12:02:23","modified_gmt":"2025-02-01T16:02:23","slug":"santa-catarina-avanca-na-colheita-do-milho-para-silagem","status":"publish","type":"post","link":"https:\/\/agromt.news\/?p=8887","title":{"rendered":"Santa Catarina avan\u00e7a na colheita do milho para silagem"},"content":{"rendered":"<p> <br \/>\n<\/p>\n<div>\n<div class=\"row\">\n<div class=\"col-lg col-infos mt-3 mt-lg-0\">\n<div class=\"section-sub-title\">\n<p itemprop=\"description\">&#13;<br \/>\n                                Milho para silagem tem boa produtividade em Santa Catarina&#13;\n                            <\/p>\n<\/p><\/div>\n<div class=\"container\">\n<div class=\"row\">\n<div class=\"col-lg p-0\">\n<div>\n<div class=\"block-news-main-infos mt-3 text-start\">\n<p>                                            <strong class=\"fn\" itemprop=\"author\" style=\"color: rgb(112, 112, 112); \">&#13;<br \/>\n                                                <a href=\"https:\/\/www.agrolink.com.br\/noticias\/javascript:;\" class=\"text-uppercase\" target=\"_blank\" style=\"color: rgb(112, 112, 112); \" rel=\"noopener\">Agrolink<\/a>&#13;<br \/>\n&#13;<br \/>\n                                                    &#8211; Seane Lennon&#13;<br \/>\n&#13;<br \/>\n                                            <\/strong><br \/>\n                                        <\/p>\n<p>                                            <abbr><time datetime=\"2025-01-31T18:13\" itemprop=\"datePublished dateModified\">Publicado em 31\/01\/2025 \u00e0s 18:13h.<\/time><\/abbr><br \/>\n                                            <\/p><\/div>\n<\/p><\/div>\n<\/p><\/div>\n<div class=\"col-lg p-0 text-lg-end\">\n<div>\n<div id=\"mdEnviarPagina\" class=\"modal fade\" role=\"dialog\">\n<div class=\"modal-dialog\">\n<div class=\"modal-content\">\n<div class=\"modal-body\">\n<p><strong>Estimado usu\u00e1rio.<\/strong><br \/>Preencha o formul\u00e1rio abaixo para remeter a p\u00e1gina.<\/p>\n<\/p><\/div>\n<\/p><\/div>\n<\/p><\/div>\n<\/div><\/div>\n<\/p><\/div>\n<\/p><\/div>\n<\/p><\/div>\n<\/p><\/div>\n<\/p><\/div>\n<div class=\"row justify-content-md-center mt-3\">\n<div class=\"col-lg-auto col-image  block-news-main-image d-none d-md-block\">\n<p>                                <img decoding=\"async\" src=\"https:\/\/www.agrolink.com.br\/upload\/imagens-resizes\/7f207158e849442f84cbaccbdf47459b_858x483.jpg\" class=\"lazyload \"\/><br \/>\n                                                <span class=\"publicity-photo d-block mt-1\">Foto: Divulga\u00e7\u00e3o<\/span><\/p><\/div>\n<\/p><\/div>\n<div class=\"section-description section-description-noticias mt-3\">\n<p style=\"text-align:justify\">De acordo com os dados da edi\u00e7\u00e3o de janeiro do Boletim Agropecu\u00e1rio produzido pela Empresa de Pesquisa Agropecu\u00e1ria e Extens\u00e3o Rural de Santa Catarina (Epagri) divulgado pelo Observat\u00f3rio Agro Catarinense, a colheita do <a href=\"https:\/\/www.agrolink.com.br\/culturas\/milho?utm_source=agrolink-detalhe-noticia&amp;utm_medium=detalhe-noticia&amp;utm_campaign=links-internos&#9;\" target=\"_blank\" rel=\"noopener\">milho<\/a> destinado \u00e0 produ\u00e7\u00e3o de silagem segue em ritmo acelerado em Santa Catarina, especialmente nas microrregi\u00f5es de S\u00e3o Miguel do Oeste, Chapec\u00f3 e Conc\u00f3rdia. Essas \u00e1reas, fortemente ligadas \u00e0 pecu\u00e1ria leiteira, representam mais de 50% da produ\u00e7\u00e3o estadual do insumo, essencial para a alimenta\u00e7\u00e3o animal em per\u00edodos de escassez de pastagem.&#13;\n<\/p>\n<p style=\"text-align:justify\">At\u00e9 15 de janeiro de 2025, mais de 70% das lavouras estavam em fase de matura\u00e7\u00e3o, com colheitas registrando produtividade acima de 65 toneladas por hectare e excelente qualidade. O desenvolvimento da cultura foi favorecido pelas chuvas regulares at\u00e9 dezembro de 2024.<\/p>\n<p style=\"text-align:justify\">Entretanto, produtores demonstram preocupa\u00e7\u00e3o com a safrinha de milho e soja, pois a previs\u00e3o indica baixo volume de chuvas at\u00e9 o fim de janeiro, o que pode comprometer o potencial produtivo da segunda safra.<\/p>\n<p style=\"text-align:justify\">A silagem \u00e9 um alimento volumoso fundamental para suplementar a alimenta\u00e7\u00e3o do rebanho no inverno, quando a oferta de forragem diminui. Nos sistemas intensivos de produ\u00e7\u00e3o, como o confinamento total ou parcial, ela \u00e9 usada durante todo o ano como fonte principal de nutri\u00e7\u00e3o para os animais.&#13;\n<\/p>\n<p style=\"text-align:justify\">A Epagri\/Cepa acompanha a produ\u00e7\u00e3o de silagem no estado h\u00e1 mais de 10 anos, monitorando \u00e1rea plantada, produtividade e qualidade do alimento. O desempenho positivo da atual safra refor\u00e7a a import\u00e2ncia da cultura para a sustentabilidade da pecu\u00e1ria catarinense.<\/p>\n<\/p><\/div>\n<\/p><\/div>\n<p><script data-cfasync=\"false\">\n    !function (f, b, e, v, n, t, s) {\n        if (f.fbq) return; n = f.fbq = function () {\n            n.callMethod ?\n                n.callMethod.apply(n, arguments) : n.queue.push(arguments)\n        };\n        if (!f._fbq) f._fbq = n; n.push = n; n.loaded = !0; n.version = '2.0';\n        n.queue = []; t = b.createElement(e); t.async = !0;\n        t.src = v; s = b.getElementsByTagName(e)[0];\n        s.parentNode.insertBefore(t, s)\n    }(window, document, 'script',\n        'https:\/\/connect.facebook.net\/en_US\/fbevents.js');\n    fbq('init', '522546078623747');\n    fbq('track', 'PageView');\n<\/script><br \/>\n<br \/><br \/>\n<br \/><a href=\"https:\/\/www.agrolink.com.br\/noticias\/santa-catarina-avanca-na-colheita-do-milho-para-silagem_498939.html\">Source link <\/a><\/p>\n","protected":false},"excerpt":{"rendered":"<p>&#13; Milho para silagem tem boa produtividade em Santa Catarina&#13; &#13; Agrolink&#13; &#13; &#8211; Seane Lennon&#13; &#13; Publicado em 31\/01\/2025<\/p>\n","protected":false},"author":1,"featured_media":3552,"comment_status":"open","ping_status":"open","sticky":false,"template":"","format":"standard","meta":{"_monsterinsights_skip_tracking":false,"_monsterinsights_sitenote_active":false,"_monsterinsights_sitenote_note":"","_monsterinsights_sitenote_category":0,"_uf_show_specific_survey":0,"_uf_disable_surveys":false,"footnotes":""},"categories":[8,1,14],"tags":[],"class_list":["post-8887","post","type-post","status-publish","format-standard","has-post-thumbnail","hentry","category-agro","category-news","category-politica-agro"],"_links":{"self":[{"href":"https:\/\/agromt.news\/index.php?rest_route=\/wp\/v2\/posts\/8887"}],"collection":[{"href":"https:\/\/agromt.news\/index.php?rest_route=\/wp\/v2\/posts"}],"about":[{"href":"https:\/\/agromt.news\/index.php?rest_route=\/wp\/v2\/types\/post"}],"author":[{"embeddable":true,"href":"https:\/\/agromt.news\/index.php?rest_route=\/wp\/v2\/users\/1"}],"replies":[{"embeddable":true,"href":"https:\/\/agromt.news\/index.php?rest_route=%2Fwp%2Fv2%2Fcomments&post=8887"}],"version-history":[{"count":0,"href":"https:\/\/agromt.news\/index.php?rest_route=\/wp\/v2\/posts\/8887\/revisions"}],"wp:featuredmedia":[{"embeddable":true,"href":"https:\/\/agromt.news\/index.php?rest_route=\/wp\/v2\/media\/3552"}],"wp:attachment":[{"href":"https:\/\/agromt.news\/index.php?rest_route=%2Fwp%2Fv2%2Fmedia&parent=8887"}],"wp:term":[{"taxonomy":"category","embeddable":true,"href":"https:\/\/agromt.news\/index.php?rest_route=%2Fwp%2Fv2%2Fcategories&post=8887"},{"taxonomy":"post_tag","embeddable":true,"href":"https:\/\/agromt.news\/index.php?rest_route=%2Fwp%2Fv2%2Ftags&post=8887"}],"curies":[{"name":"wp","href":"https:\/\/api.w.org\/{rel}","templated":true}]}}