{"id":8885,"date":"2025-02-01T10:31:14","date_gmt":"2025-02-01T14:31:14","guid":{"rendered":"https:\/\/agromt.news\/?p=8885"},"modified":"2025-02-01T10:31:14","modified_gmt":"2025-02-01T14:31:14","slug":"senado-e-camara-elegem-novos-presidentes-neste-sabado","status":"publish","type":"post","link":"https:\/\/agromt.news\/?p=8885","title":{"rendered":"Senado e C\u00e2mara elegem novos presidentes neste s\u00e1bado"},"content":{"rendered":"<p> <br \/>\n<\/p>\n<div>\n<p>O Congresso Nacional ter\u00e1 um dia movimentado neste s\u00e1bado (1\u00ba), quando ser\u00e3o escolhidos aqueles que comandar\u00e3o <strong><a href=\"http:\/\/www.canalrural.com.br\/tag\/camara\/\">C\u00e2mara <\/a><\/strong>dos Deputados e Senado Federal nos pr\u00f3ximos dois anos. Ser\u00e1 tamb\u00e9m definida a composi\u00e7\u00e3o das mesas diretoras das duas Casas Legislativa.<img decoding=\"async\" src=\"https:\/\/agromt.news\/wp-content\/uploads\/2025\/02\/Senado-e-Camara-elegem-novos-presidentes-neste-sabado.png\"\/><img decoding=\"async\" src=\"https:\/\/agromt.news\/wp-content\/uploads\/2025\/02\/Senado-e-Camara-elegem-novos-presidentes-neste-sabado.gif\"\/><\/p>\n<p>A previs\u00e3o \u00e9 de que, no Senado, a elei\u00e7\u00e3o comece \u00e0s 10h e, na C\u00e2mara, \u00e0s 16h. O mandato dos eleitos valer\u00e1 para o bi\u00eanio 2025-2026. Al\u00e9m de elegerem seu presidente, os senadores escolher\u00e3o dois vice-presidentes e oito secret\u00e1rios (quatro titulares e quatro suplentes).<\/p>\n<p>O primeiro passo para a escolha do presidente do Senado ser\u00e1 dado em reuni\u00e3o preparat\u00f3ria na qual os pretendentes ao cargo formalizam, por escrito, a candidatura na Secretaria-Geral da Mesa.<\/p>\n<p>Na sequ\u00eancia, o atual presidente do Senado, Rodrigo Pacheco (PSD-MG), comunica as candidaturas formalizadas ao plen\u00e1rio. Ent\u00e3o, em ordem alfab\u00e9tica, os candidatos discursam e apresentam suas propostas.<\/p>\n<p>De acordo com as regras da Casa, podem ocorrer ren\u00fancias de candidatos durante o per\u00edodo estipulado para os discursos. Apenas os candidatos \u00e0 presid\u00eancia do Senado discursam.<\/p>\n<p>Terminados os discursos, inicia-se a vota\u00e7\u00e3o, que \u00e9 secreta, em cabines e em c\u00e9dulas contendo os nomes dos candidatos, al\u00e9m de rubricas dos atuais presidente e vice-presidente do Senado. O voto, ent\u00e3o, \u00e9 depositado em uma urna instalada na Mesa e, por fim, o parlamentar assina a lista de vota\u00e7\u00e3o.<\/p>\n<p>Caber\u00e1 ao atual presidente e auxiliares fazer a apura\u00e7\u00e3o, iniciada com a confirma\u00e7\u00e3o do n\u00famero de c\u00e9dulas, para, ent\u00e3o, fazer a contagem de votos para cada candidato. Terminada a contagem, os votos ser\u00e3o triturados. Vence o candidato que obtiver a maioria absoluta dos votos.<\/p>\n<h2 class=\"wp-block-heading\" id=\"h-candidatos\">Candidatos<\/h2>\n<p>At\u00e9 o fechamento desta reportagem, quatro senadores estavam na corrida para ocupar a presid\u00eancia da Casa no bi\u00eanio 2025-2026: <strong>Davi Alcolumbre (Uni\u00e3o Brasil-AP), Marcos Pontes (PL-SP), Marcos do Val (Podemos-ES)<\/strong> e <strong>Eduardo Gir\u00e3o (Novo-CE).<\/strong><\/p>\n<\/div>\n<div>\n<p>O novo presidente tomar\u00e1 posse logo ap\u00f3s o an\u00fancio de sua vit\u00f3ria, finalizando a primeira reuni\u00e3o preparat\u00f3ria e dando in\u00edcio \u00e0 convoca\u00e7\u00e3o da segunda reuni\u00e3o, prevista para as 11h. Nesta reuni\u00e3o, ser\u00e3o formalizados, apresentados e escolhidos, tamb\u00e9m em vota\u00e7\u00e3o secreta, os demais integrantes da mesa (dois vice-presidentes, quatro secret\u00e1rios titulares e quatro secret\u00e1rios suplentes).<\/p>\n<p>No caso de cargos em que haja apenas um candidato inscrito, a vota\u00e7\u00e3o ser\u00e1 por meio eletr\u00f4nico.<\/p>\n<p>Para a elei\u00e7\u00e3o dos integrantes da mesa, \u00e9 exigida maioria de votos e presen\u00e7a da maioria dos senadores. \u201cDeve ser assegurada, tanto quanto poss\u00edvel, a participa\u00e7\u00e3o proporcional das representa\u00e7\u00f5es partid\u00e1rias ou dos blocos parlamentares com atua\u00e7\u00e3o na Casa\u201d, informa o Senado.<\/p>\n<h2 class=\"wp-block-heading\" id=\"h-camara\">C\u00e2mara<\/h2>\n<p>A um dia da elei\u00e7\u00e3o da Mesa Diretora da C\u00e2mara dos Deputados, tr\u00eas candidatos tinham oficializado a inten\u00e7\u00e3o de disputar a presid\u00eancia da Casa: <strong>Hugo Motta (Republicanos-PB), Pastor Henrique Vieira (PSOL-RJ) <\/strong>e <strong>Marcel van Hattem (Novo-RS).<\/strong><\/p>\n<p>O prazo para formaliza\u00e7\u00e3o das candidaturas termina \u00e0s 13h30 deste s\u00e1bado. Para a formaliza\u00e7\u00e3o dos blocos parlamentares, o prazo vai at\u00e9 as 9h do mesmo dia. Duas horas depois, \u00e0s 11h, est\u00e1 prevista uma reuni\u00e3o de l\u00edderes, para a escolha dos membros da Mesa Diretora.<\/p>\n<p>A inaugura\u00e7\u00e3o da nova sess\u00e3o legislativa ser\u00e1 em sess\u00e3o conjunta do Congresso Nacional, prevista para as 15h. J\u00e1 a primeira sess\u00e3o preparat\u00f3ria, em que se eleger\u00e1 o novo presidente, ser\u00e1 no plen\u00e1rio e deve come\u00e7ar \u00e0s 16h.<\/p>\n<p>Assim como no Senado, na C\u00e2mara, o vencedor precisar\u00e1 obter maioria absoluta dos votos (257) para ser eleito em primeiro turno. Caso haja necessidade de segundo turno, bastar\u00e1 que o candidato seja o mais votado para, enfim, definir quem ocupar\u00e1 a cadeira da presid\u00eancia pelos pr\u00f3ximos dois anos.<\/p>\n<p>Os partidos poder\u00e3o formar blocos, caso pretendam aumentar sua representatividade e participa\u00e7\u00e3o na distribui\u00e7\u00e3o das presid\u00eancias de comiss\u00f5es e da Mesa Diretora. O mandato ter\u00e1 dura\u00e7\u00e3o de quatro anos para as comiss\u00f5es e de dois anos para a Mesa Diretora.<\/p>\n<\/p><\/div>\n<p><br \/>\n<br \/><a href=\"https:\/\/www.canalrural.com.br\/politica\/senado-e-camara-elegem-novos-presidentes-neste-sabado\/\">Source link <\/a><\/p>\n","protected":false},"excerpt":{"rendered":"<p>O Congresso Nacional ter\u00e1 um dia movimentado neste s\u00e1bado (1\u00ba), quando ser\u00e3o escolhidos aqueles que comandar\u00e3o C\u00e2mara dos Deputados e<\/p>\n","protected":false},"author":1,"featured_media":8886,"comment_status":"open","ping_status":"open","sticky":false,"template":"","format":"standard","meta":{"_monsterinsights_skip_tracking":false,"_monsterinsights_sitenote_active":false,"_monsterinsights_sitenote_note":"","_monsterinsights_sitenote_category":0,"_uf_show_specific_survey":0,"_uf_disable_surveys":false,"footnotes":""},"categories":[1],"tags":[],"class_list":["post-8885","post","type-post","status-publish","format-standard","has-post-thumbnail","hentry","category-news"],"_links":{"self":[{"href":"https:\/\/agromt.news\/index.php?rest_route=\/wp\/v2\/posts\/8885"}],"collection":[{"href":"https:\/\/agromt.news\/index.php?rest_route=\/wp\/v2\/posts"}],"about":[{"href":"https:\/\/agromt.news\/index.php?rest_route=\/wp\/v2\/types\/post"}],"author":[{"embeddable":true,"href":"https:\/\/agromt.news\/index.php?rest_route=\/wp\/v2\/users\/1"}],"replies":[{"embeddable":true,"href":"https:\/\/agromt.news\/index.php?rest_route=%2Fwp%2Fv2%2Fcomments&post=8885"}],"version-history":[{"count":0,"href":"https:\/\/agromt.news\/index.php?rest_route=\/wp\/v2\/posts\/8885\/revisions"}],"wp:featuredmedia":[{"embeddable":true,"href":"https:\/\/agromt.news\/index.php?rest_route=\/wp\/v2\/media\/8886"}],"wp:attachment":[{"href":"https:\/\/agromt.news\/index.php?rest_route=%2Fwp%2Fv2%2Fmedia&parent=8885"}],"wp:term":[{"taxonomy":"category","embeddable":true,"href":"https:\/\/agromt.news\/index.php?rest_route=%2Fwp%2Fv2%2Fcategories&post=8885"},{"taxonomy":"post_tag","embeddable":true,"href":"https:\/\/agromt.news\/index.php?rest_route=%2Fwp%2Fv2%2Ftags&post=8885"}],"curies":[{"name":"wp","href":"https:\/\/api.w.org\/{rel}","templated":true}]}}