{"id":8872,"date":"2025-01-31T19:36:32","date_gmt":"2025-01-31T23:36:32","guid":{"rendered":"https:\/\/agromt.news\/?p=8872"},"modified":"2025-01-31T19:36:32","modified_gmt":"2025-01-31T23:36:32","slug":"safra-de-soja-no-parana-deve-ser-38-menor-que-a-prevista-estima-deral","status":"publish","type":"post","link":"https:\/\/agromt.news\/?p=8872","title":{"rendered":"Safra de soja no Paran\u00e1 deve ser 3,8% menor que a prevista, estima Deral"},"content":{"rendered":"<p> <br \/>\n<br \/><img decoding=\"async\" src=\"https:\/\/agromt.news\/wp-content\/uploads\/2024\/12\/Producao-e-produtividade-da-soja-do-RS-devem-crescer-diz.jpg\" \/><\/p>\n<div>\n<p>O Departamento de Economia Rural <a href=\"https:\/\/www.canalrural.com.br\/tag\/deral\/\">(Deral)<\/a> da Secretaria de Agricultura do Paran\u00e1 atualizou suas previs\u00f5es para a safra 2024\/25. <span class=\"yoast-text-mark\" style=\"letter-spacing: 0px; background-color: var(--bs-body-bg); text-align: var(--bs-body-text-align);\">Para a soja, o levantamento estima produ\u00e7\u00e3o de 21,34 milh\u00f5es de toneladas, queda de 3,8% ante o relat\u00f3rio de dezembro, que projetava 22,18 milh\u00f5es de toneladas. Ainda assim, a atual temporada deve ser <\/span><span style=\"letter-spacing: 0px; background-color: var(--bs-body-bg); text-align: var(--bs-body-text-align);\">15% superior \u00e0 registrada em 2023\/24.<\/span><\/p>\n<p>A \u00e1rea plantada permanece praticamente est\u00e1vel, em 5,77 milh\u00f5es de hectares, ante 2023\/24 e frente ao previsto em dezembro. No entanto, a produtividade foi reduzida de 3.841 kg\/ha (64 sacas) para 3.696 kg\/ha (61,6 sacas). Em 2023\/24, a produtividade foi de 3.200 kg\/ha.<\/p>\n<h2>Al\u00e9m da soja, o milho<\/h2>\n<p>As proje\u00e7\u00f5es para o milho ficaram est\u00e1veis. Para o cereal de primeira safra, a expectativa \u00e9 de 2,64 milh\u00f5es de toneladas, alta de 4% ante a temporada anterior, com \u00e1rea de 260,7 mil hectares (queda de 11% ante 2023\/24) e produtividade de 10.115 kg\/ha.<\/p>\n<\/div>\n<div>\n<p>J\u00e1 para o gr\u00e3o de segunda safra, a previs\u00e3o \u00e9 de 15,53 milh\u00f5es de toneladas produzidas, 24% mais do que em 2023\/24, com \u00e1rea de 2,56 milh\u00f5es de hectares, ligeiro avan\u00e7o de 1% na compara\u00e7\u00e3o com a safra 2023\/24, e produtividade estimada em 6.064 kg\/ha.<\/p>\n<h2>Aumento de produ\u00e7\u00e3o do feij\u00e3o<\/h2>\n<p>O feij\u00e3o de primeira safra deve atingir 341,7 mil toneladas no Paran\u00e1, aumento de <strong>113%<\/strong> sobre a safra anterior. Em dezembro, a previs\u00e3o era de 329,5 mil toneladas. A \u00e1rea plantada ficou prevista em 169,2 mil hectares, crescimento de 57%, e rendimentos de 2.020 kg\/ha.<\/p>\n<p>Para a segunda safra, a proje\u00e7\u00e3o \u00e9 de 666,8 mil toneladas, ante estimativa \u00e9 de 694,4 mil toneladas em dezembro. Em rela\u00e7\u00e3o \u00e0 safra anterior, o Deral espera uma produ\u00e7\u00e3o 1% menor frente \u00e0 temporada passada.<\/p>\n<p>Houve redu\u00e7\u00e3o na \u00e1rea plantada, que passou de 380,6 mil hectares previstos em dezembro para 365,8 mil hectares, 16% menor do que no ciclo passado.<\/p>\n<\/p><\/div>\n<p><br \/>\n<br \/><a href=\"https:\/\/www.canalrural.com.br\/agricultura\/safra-de-soja-no-parana-deve-ser-38-menor-que-a-prevista-estima-deral\/\">Source link <\/a><\/p>\n","protected":false},"excerpt":{"rendered":"<p>O Departamento de Economia Rural (Deral) da Secretaria de Agricultura do Paran\u00e1 atualizou suas previs\u00f5es para a safra 2024\/25. Para<\/p>\n","protected":false},"author":1,"featured_media":5916,"comment_status":"open","ping_status":"open","sticky":false,"template":"","format":"standard","meta":{"_monsterinsights_skip_tracking":false,"_monsterinsights_sitenote_active":false,"_monsterinsights_sitenote_note":"","_monsterinsights_sitenote_category":0,"_uf_show_specific_survey":0,"_uf_disable_surveys":false,"footnotes":""},"categories":[1],"tags":[],"class_list":["post-8872","post","type-post","status-publish","format-standard","has-post-thumbnail","hentry","category-news"],"_links":{"self":[{"href":"https:\/\/agromt.news\/index.php?rest_route=\/wp\/v2\/posts\/8872"}],"collection":[{"href":"https:\/\/agromt.news\/index.php?rest_route=\/wp\/v2\/posts"}],"about":[{"href":"https:\/\/agromt.news\/index.php?rest_route=\/wp\/v2\/types\/post"}],"author":[{"embeddable":true,"href":"https:\/\/agromt.news\/index.php?rest_route=\/wp\/v2\/users\/1"}],"replies":[{"embeddable":true,"href":"https:\/\/agromt.news\/index.php?rest_route=%2Fwp%2Fv2%2Fcomments&post=8872"}],"version-history":[{"count":0,"href":"https:\/\/agromt.news\/index.php?rest_route=\/wp\/v2\/posts\/8872\/revisions"}],"wp:featuredmedia":[{"embeddable":true,"href":"https:\/\/agromt.news\/index.php?rest_route=\/wp\/v2\/media\/5916"}],"wp:attachment":[{"href":"https:\/\/agromt.news\/index.php?rest_route=%2Fwp%2Fv2%2Fmedia&parent=8872"}],"wp:term":[{"taxonomy":"category","embeddable":true,"href":"https:\/\/agromt.news\/index.php?rest_route=%2Fwp%2Fv2%2Fcategories&post=8872"},{"taxonomy":"post_tag","embeddable":true,"href":"https:\/\/agromt.news\/index.php?rest_route=%2Fwp%2Fv2%2Ftags&post=8872"}],"curies":[{"name":"wp","href":"https:\/\/api.w.org\/{rel}","templated":true}]}}