{"id":887,"date":"2024-08-29T03:24:18","date_gmt":"2024-08-29T07:24:18","guid":{"rendered":"https:\/\/agromt.news\/?p=887"},"modified":"2024-08-29T03:24:18","modified_gmt":"2024-08-29T07:24:18","slug":"gabriel-galipolo-e-indicado-por-lula-para-presidir-o-banco-central","status":"publish","type":"post","link":"https:\/\/agromt.news\/?p=887","title":{"rendered":"Gabriel Gal\u00edpolo \u00e9 indicado por Lula para presidir o Banco Central"},"content":{"rendered":"<p> <br \/>\n<br \/><img decoding=\"async\" src=\"https:\/\/agromt.news\/wp-content\/uploads\/2024\/08\/Gabriel-Galipolo-e-indicado-por-Lula-para-presidir-o-Banco.jpg\" \/><\/p>\n<div>\n<p>O economista Gabriel Gal\u00edpolo \u00e9 o indicado do presidente <strong><a href=\"https:\/\/www.canalrural.com.br\/?s=Lula\">Luiz In\u00e1cio Lula da Silva<\/a><\/strong> para a presid\u00eancia do <strong><a href=\"https:\/\/www.bcb.gov.br\/\">Banco Central<\/a><\/strong>. O an\u00fancio foi feito nesta quarta-feira (28) pelo ministro da Fazenda, Fernando Haddad, no Pal\u00e1cio do Planalto.<\/p>\n<figure class=\"wp-block-embed is-type-video is-provider-youtube wp-block-embed-youtube wp-embed-aspect-16-9 wp-has-aspect-ratio\">\n<p>\n<iframe title=\"Banco Central | Lula indica Gal\u00edpolo para presidir BC; falta aval do Senado\" width=\"800\" height=\"450\" src=\"https:\/\/www.youtube.com\/embed\/3YAEwEW05z4?feature=oembed\" frameborder=\"0\" allow=\"accelerometer; autoplay; clipboard-write; encrypted-media; gyroscope; picture-in-picture; web-share\" referrerpolicy=\"strict-origin-when-cross-origin\" allowfullscreen><\/iframe><noscript><iframe title=\"Banco Central | Lula indica Gal\u00edpolo para presidir BC; falta aval do Senado\" width=\"800\" height=\"450\" src=\"https:\/\/www.youtube.com\/embed\/3YAEwEW05z4?feature=oembed\" frameborder=\"0\" allow=\"accelerometer; autoplay; clipboard-write; encrypted-media; gyroscope; picture-in-picture; web-share\" referrerpolicy=\"strict-origin-when-cross-origin\" allowfullscreen><\/iframe><\/noscript>\n<\/p>\n<\/figure>\n<p>\u201cO presidente da Rep\u00fablica me incumbiu de fazer um comunicado aqui, de que hoje ele est\u00e1 encaminhando ao Senado Federal, ao presidente [Rodrigo] Pacheco e ao senador Vanderlan, presidente da CAE [Comiss\u00e3o de Assuntos Econ\u00f4micos], o indicado dele para a presid\u00eancia do Banco Central, que vem a ser o Gabriel Gal\u00edpolo, que hoje ocupa a diretoria de Pol\u00edtica Monet\u00e1ria do banco\u201d, revelou o ministro.<\/p>\n<h2 class=\"wp-block-heading\" id=\"h-mandato-de-quatro-anos\">Mandato de quatro anos<\/h2>\n<p>Para assumir o cargo, Gal\u00edpolo ainda precisar\u00e1 ter o nome aprovado pelo Senado Federal, que realizar\u00e1 uma sabatina com o indicado, para um mandato de quatro anos \u00e0 frente do BC. Se aprovado, ele substituir\u00e1 Roberto Campos Neto, cujo mandato se encerra no dia 31 de dezembro.<\/p>\n<\/div>\n<div>\n<p>\u201cNa mesma magnitude, \u00e9 uma honra, um prazer e uma responsabilidade imensa ser indicado \u00e0 presid\u00eancia do Banco Central do Brasil pelo ministro Fernando Haddad e pelo presidente Luiz In\u00e1cio Lula da Silva\u201d, disse Gal\u00edpolo ao lado de Haddad ap\u00f3s o an\u00fancio da indica\u00e7\u00e3o. Ele se recusou a responder perguntas em \u201crespeito ao processo e \u00e0 institucionalidade\u201d.<\/p>\n<h2 class=\"wp-block-heading\" id=\"h-quem-e-galipolo\">Quem \u00e9 Gal\u00edpolo<\/h2>\n<p>Ex-secret\u00e1rio de Economia e de Transportes do governo de S\u00e3o Paulo, Gal\u00edpolo trabalhou na Federa\u00e7\u00e3o das Ind\u00fastrias do Estado de S\u00e3o Paulo (Fiesp), no Centro Brasileiro de Rela\u00e7\u00f5es Internacionais e no Banco Fator, institui\u00e7\u00e3o que ele fundou. <\/p>\n<p>Em 2023, assumiu o cargo de secret\u00e1rio-executivo do Minist\u00e9rio da Fazenda, at\u00e9 ser indicado e aprovado para a diretoria de Pol\u00edtica Monet\u00e1ria do BC, que ele ocupa desde julho do ano passado.<\/p>\n<\/div>\n<p><br \/>\n<br \/><a href=\"https:\/\/www.canalrural.com.br\/economia\/gabriel-galipolo-e-indicado-por-lula-para-presidir-o-banco-central\/\">Source link <\/a><\/p>\n","protected":false},"excerpt":{"rendered":"<p>O economista Gabriel Gal\u00edpolo \u00e9 o indicado do presidente Luiz In\u00e1cio Lula da Silva para a presid\u00eancia do Banco Central.<\/p>\n","protected":false},"author":1,"featured_media":888,"comment_status":"open","ping_status":"open","sticky":false,"template":"","format":"standard","meta":{"_monsterinsights_skip_tracking":false,"_monsterinsights_sitenote_active":false,"_monsterinsights_sitenote_note":"","_monsterinsights_sitenote_category":0,"_uf_show_specific_survey":0,"_uf_disable_surveys":false,"footnotes":""},"categories":[1],"tags":[],"class_list":["post-887","post","type-post","status-publish","format-standard","has-post-thumbnail","hentry","category-news"],"_links":{"self":[{"href":"https:\/\/agromt.news\/index.php?rest_route=\/wp\/v2\/posts\/887"}],"collection":[{"href":"https:\/\/agromt.news\/index.php?rest_route=\/wp\/v2\/posts"}],"about":[{"href":"https:\/\/agromt.news\/index.php?rest_route=\/wp\/v2\/types\/post"}],"author":[{"embeddable":true,"href":"https:\/\/agromt.news\/index.php?rest_route=\/wp\/v2\/users\/1"}],"replies":[{"embeddable":true,"href":"https:\/\/agromt.news\/index.php?rest_route=%2Fwp%2Fv2%2Fcomments&post=887"}],"version-history":[{"count":0,"href":"https:\/\/agromt.news\/index.php?rest_route=\/wp\/v2\/posts\/887\/revisions"}],"wp:featuredmedia":[{"embeddable":true,"href":"https:\/\/agromt.news\/index.php?rest_route=\/wp\/v2\/media\/888"}],"wp:attachment":[{"href":"https:\/\/agromt.news\/index.php?rest_route=%2Fwp%2Fv2%2Fmedia&parent=887"}],"wp:term":[{"taxonomy":"category","embeddable":true,"href":"https:\/\/agromt.news\/index.php?rest_route=%2Fwp%2Fv2%2Fcategories&post=887"},{"taxonomy":"post_tag","embeddable":true,"href":"https:\/\/agromt.news\/index.php?rest_route=%2Fwp%2Fv2%2Ftags&post=887"}],"curies":[{"name":"wp","href":"https:\/\/api.w.org\/{rel}","templated":true}]}}