{"id":8854,"date":"2025-01-31T15:18:04","date_gmt":"2025-01-31T19:18:04","guid":{"rendered":"https:\/\/agromt.news\/?p=8854"},"modified":"2025-01-31T15:18:04","modified_gmt":"2025-01-31T19:18:04","slug":"acaro-branco-reduz-producao-e-exige-monitoramento","status":"publish","type":"post","link":"https:\/\/agromt.news\/?p=8854","title":{"rendered":"\u00c1caro-branco reduz produ\u00e7\u00e3o e exige monitoramento"},"content":{"rendered":"<p> <br \/>\n<\/p>\n<div>\n<div class=\"row\">\n<div class=\"col-lg col-infos mt-3 mt-lg-0\">\n<div class=\"section-sub-title\">\n<p itemprop=\"description\">&#13;<br \/>\n                                Praga afeta soja, caf\u00e9 e algod\u00e3o no Brasil&#13;\n                            <\/p>\n<\/p><\/div>\n<div class=\"container\">\n<div class=\"row\">\n<div class=\"col-lg p-0 text-lg-end\">\n<div>\n<div id=\"mdEnviarPagina\" class=\"modal fade\" role=\"dialog\">\n<div class=\"modal-dialog\">\n<div class=\"modal-content\">\n<div class=\"modal-body\">\n<p><strong>Estimado usu\u00e1rio.<\/strong><br \/>Preencha o formul\u00e1rio abaixo para remeter a p\u00e1gina.<\/p>\n<\/p><\/div>\n<\/p><\/div>\n<\/p><\/div>\n<\/div><\/div>\n<\/p><\/div>\n<\/p><\/div>\n<\/p><\/div>\n<\/p><\/div>\n<\/p><\/div>\n<div class=\"row justify-content-md-center mt-3\">\n<div class=\"col-lg-auto col-image  block-news-main-image d-none d-md-block\">\n<p>                                <img decoding=\"async\" src=\"https:\/\/www.agrolink.com.br\/upload\/imagens-resizes\/c43bd90cae734af6b6d6c9359b380f89_858x483.jpg\" class=\"lazyload \"\/><br \/>\n                                                <span class=\"publicity-photo d-block mt-1\">Foto: Divulga\u00e7\u00e3o<\/span><\/p><\/div>\n<\/p><\/div>\n<div class=\"section-description section-description-noticias mt-3\">\n<p style=\"text-align:justify\">Segundo o informado pela engenheira agr\u00f4noma Bruna Rohrig em artigo publicado no Blog da Aegro, o\u00a0<a href=\"https:\/\/www.agrolink.com.br\/problemas\/acaro-branco_25.html?utm_source=agrolink-detalhe-noticia&amp;utm_medium=detalhe-noticia&amp;utm_campaign=links-internos\" target=\"_blank\" rel=\"noopener\">\u00e1caro-branco<\/a> tem sido uma grande preocupa\u00e7\u00e3o para os agricultores, devido ao seu potencial de dano em diversas culturas. Com ciclo de vida r\u00e1pido e capacidade de adapta\u00e7\u00e3o, a praga tem sido registrada com maior frequ\u00eancia e abrang\u00eancia nos \u00faltimos anos, sobretudo em regi\u00f5es com alta umidade e temperaturas elevadas.&#13;\n<\/p>\n<p style=\"text-align:justify\">Segundo o Centro Internacional de Bioci\u00eancia Agr\u00edcola (CABI), o \u00e1caro-branco afeta importantes culturas como <a href=\"https:\/\/www.agrolink.com.br\/culturas\/soja?utm_source=agrolink-detalhe-noticia&amp;utm_medium=detalhe-noticia&amp;utm_campaign=links-internos\" target=\"_blank\" rel=\"noopener\">soja<\/a>, <a href=\"https:\/\/www.agrolink.com.br\/culturas\/cafe\/?utm_source=agrolink-detalhe-noticia&amp;utm_medium=detalhe-noticia&amp;utm_campaign=links-internos\" target=\"_blank\" rel=\"noopener\">caf\u00e9<\/a>\u00a0e <a href=\"https:\/\/www.agrolink.com.br\/culturas\/algodao\/\" target=\"_blank\" rel=\"noopener\">algod\u00e3o<\/a>, podendo reduzir drasticamente a produtividade. Em outros pa\u00edses, h\u00e1 registros de perdas de at\u00e9 50% na produ\u00e7\u00e3o de <a href=\"https:\/\/www.agrolink.com.br\/culturas\/feijao\/?utm_source=agrolink-detalhe-noticia&amp;utm_medium=detalhe-noticia&amp;utm_campaign=links-internos\" target=\"_blank\" rel=\"noopener\">feij\u00e3o<\/a> devido ao ataque da praga.<\/p>\n<p style=\"text-align:justify\">A infesta\u00e7\u00e3o compromete o crescimento das plantas, reduzindo seu porte e dificultando o desenvolvimento. Em casos mais graves, h\u00e1 queda de fol\u00edolos, bronzeamento de hastes e folhas e redu\u00e7\u00e3o do n\u00famero de frutos.<\/p>\n<p style=\"text-align:justify\">Na soja, o \u00e1caro-branco diminui a dist\u00e2ncia entre os entren\u00f3s, fazendo com que plantas afetadas fiquem menores e recebam menos luz, impactando sua produtividade. No algod\u00e3o, a praga se torna mais agressiva em anos chuvosos, afetando a qualidade das fibras e o n\u00famero de ma\u00e7\u00e3s.&#13;\n<\/p>\n<p style=\"text-align:justify\">O \u00e1caro-branco pode ser confundido com outras pragas, doen\u00e7as ou viroses. Para diferenci\u00e1-lo, \u00e9 necess\u00e1rio observar sintomas como rugosidade e deforma\u00e7\u00e3o das folhas, al\u00e9m de verificar se a colora\u00e7\u00e3o interna da haste se mant\u00e9m normal.<\/p>\n<p style=\"text-align:justify\">Ao contr\u00e1rio da maioria dos \u00e1caros, o \u00e1caro-branco se prolifera em condi\u00e7\u00f5es de alta umidade e calor, sendo mais comum durante o crescimento vegetativo das plantas. Seu controle exige monitoramento constante e ado\u00e7\u00e3o de boas pr\u00e1ticas agr\u00edcolas, evitando surtos e garantindo a sanidade da lavoura.<\/p>\n<\/p><\/div>\n<\/p><\/div>\n<p><script data-cfasync=\"false\">\n    !function (f, b, e, v, n, t, s) {\n        if (f.fbq) return; n = f.fbq = function () {\n            n.callMethod ?\n                n.callMethod.apply(n, arguments) : n.queue.push(arguments)\n        };\n        if (!f._fbq) f._fbq = n; n.push = n; n.loaded = !0; n.version = '2.0';\n        n.queue = []; t = b.createElement(e); t.async = !0;\n        t.src = v; s = b.getElementsByTagName(e)[0];\n        s.parentNode.insertBefore(t, s)\n    }(window, document, 'script',\n        'https:\/\/connect.facebook.net\/en_US\/fbevents.js');\n    fbq('init', '522546078623747');\n    fbq('track', 'PageView');\n<\/script><br \/>\n<br \/><br \/>\n<br \/><a href=\"https:\/\/www.agrolink.com.br\/noticias\/acaro-branco-reduz-producao-e-exige-monitoramento_498899.html\">Source link <\/a><\/p>\n","protected":false},"excerpt":{"rendered":"<p>&#13; Praga afeta soja, caf\u00e9 e algod\u00e3o no Brasil&#13; Estimado usu\u00e1rio.Preencha o formul\u00e1rio abaixo para remeter a p\u00e1gina. Foto: Divulga\u00e7\u00e3o<\/p>\n","protected":false},"author":1,"featured_media":8855,"comment_status":"open","ping_status":"open","sticky":false,"template":"","format":"standard","meta":{"_monsterinsights_skip_tracking":false,"_monsterinsights_sitenote_active":false,"_monsterinsights_sitenote_note":"","_monsterinsights_sitenote_category":0,"_uf_show_specific_survey":0,"_uf_disable_surveys":false,"footnotes":""},"categories":[8,1,14],"tags":[],"class_list":["post-8854","post","type-post","status-publish","format-standard","has-post-thumbnail","hentry","category-agro","category-news","category-politica-agro"],"_links":{"self":[{"href":"https:\/\/agromt.news\/index.php?rest_route=\/wp\/v2\/posts\/8854"}],"collection":[{"href":"https:\/\/agromt.news\/index.php?rest_route=\/wp\/v2\/posts"}],"about":[{"href":"https:\/\/agromt.news\/index.php?rest_route=\/wp\/v2\/types\/post"}],"author":[{"embeddable":true,"href":"https:\/\/agromt.news\/index.php?rest_route=\/wp\/v2\/users\/1"}],"replies":[{"embeddable":true,"href":"https:\/\/agromt.news\/index.php?rest_route=%2Fwp%2Fv2%2Fcomments&post=8854"}],"version-history":[{"count":0,"href":"https:\/\/agromt.news\/index.php?rest_route=\/wp\/v2\/posts\/8854\/revisions"}],"wp:featuredmedia":[{"embeddable":true,"href":"https:\/\/agromt.news\/index.php?rest_route=\/wp\/v2\/media\/8855"}],"wp:attachment":[{"href":"https:\/\/agromt.news\/index.php?rest_route=%2Fwp%2Fv2%2Fmedia&parent=8854"}],"wp:term":[{"taxonomy":"category","embeddable":true,"href":"https:\/\/agromt.news\/index.php?rest_route=%2Fwp%2Fv2%2Fcategories&post=8854"},{"taxonomy":"post_tag","embeddable":true,"href":"https:\/\/agromt.news\/index.php?rest_route=%2Fwp%2Fv2%2Ftags&post=8854"}],"curies":[{"name":"wp","href":"https:\/\/api.w.org\/{rel}","templated":true}]}}