{"id":8851,"date":"2025-01-31T13:07:20","date_gmt":"2025-01-31T17:07:20","guid":{"rendered":"https:\/\/agromt.news\/?p=8851"},"modified":"2025-01-31T13:07:20","modified_gmt":"2025-01-31T17:07:20","slug":"sc-lidera-controle-sanitario-contra-brucelose-e-tuberculose","status":"publish","type":"post","link":"https:\/\/agromt.news\/?p=8851","title":{"rendered":"SC lidera controle sanit\u00e1rio contra brucelose e tuberculose"},"content":{"rendered":"<p> <br \/>\n<\/p>\n<div>\n<div class=\"row\">\n<div class=\"col-lg col-infos mt-3 mt-lg-0\">\n<div class=\"section-sub-title\">\n<p itemprop=\"description\">&#13;<br \/>\n                                Santa Catarina refor\u00e7a lideran\u00e7a em sanidade animal&#13;\n                            <\/p>\n<\/p><\/div>\n<div class=\"container\">\n<div class=\"row\">\n<div class=\"col-lg p-0\">\n<div>\n<div class=\"block-news-main-infos mt-3 text-start\">\n<p>                                            <strong class=\"fn\" itemprop=\"author\" style=\"color: rgb(112, 112, 112); \">&#13;<br \/>\n                                                <a href=\"https:\/\/www.agrolink.com.br\/noticias\/javascript:;\" class=\"text-uppercase\" target=\"_blank\" style=\"color: rgb(112, 112, 112); \" rel=\"noopener\">Agrolink<\/a>&#13;<br \/>\n&#13;<br \/>\n                                                    &#8211; Seane Lennon&#13;<br \/>\n&#13;<br \/>\n                                            <\/strong><br \/>\n                                        <\/p>\n<p>                                            <abbr><time datetime=\"2025-01-30T17:38\" itemprop=\"datePublished dateModified\">Publicado em 30\/01\/2025 \u00e0s 17:38h.<\/time><\/abbr><br \/>\n                                            <\/p><\/div>\n<\/p><\/div>\n<\/p><\/div>\n<div class=\"col-lg p-0 text-lg-end\">\n<div>\n<div id=\"mdEnviarPagina\" class=\"modal fade\" role=\"dialog\">\n<div class=\"modal-dialog\">\n<div class=\"modal-content\">\n<div class=\"modal-body\">\n<p><strong>Estimado usu\u00e1rio.<\/strong><br \/>Preencha o formul\u00e1rio abaixo para remeter a p\u00e1gina.<\/p>\n<\/p><\/div>\n<\/p><\/div>\n<\/p><\/div>\n<\/div><\/div>\n<\/p><\/div>\n<\/p><\/div>\n<\/p><\/div>\n<\/p><\/div>\n<\/p><\/div>\n<div class=\"row justify-content-md-center mt-3\">\n<div class=\"col-lg-auto col-image  block-news-main-image d-none d-md-block\">\n<p>                                <img decoding=\"async\" src=\"https:\/\/www.agrolink.com.br\/upload\/imagens-resizes\/cbbb9356722444e4828cc34236538036_858x483.jpg\" class=\"lazyload \"\/><br \/>\n                                                <span class=\"publicity-photo d-block mt-1\">Foto: Pixabay<\/span><\/p><\/div>\n<\/p><\/div>\n<div class=\"section-description section-description-noticias mt-3\">\n<p style=\"text-align:justify\">De acordo com dados da Secretaria de Estado da Agricultura e Pecu\u00e1ria de Santa Catarina, o estado se mant\u00e9m como refer\u00eancia nacional em sanidade animal, com a\u00e7\u00f5es que garantem a seguran\u00e7a alimentar, a competitividade do agroneg\u00f3cio e a qualidade dos produtos. Em 2024, o estado atingiu a marca de 3,5 mil propriedades certificadas como livres de brucelose e tuberculose, resultado de um trabalho conjunto entre o Servi\u00e7o Veterin\u00e1rio Oficial, a Secretaria de Agricultura e Pecu\u00e1ria e a Cidasc.&#13;\n<\/p>\n<p style=\"text-align:justify\">O estado det\u00e9m a menor incid\u00eancia de brucelose no pa\u00eds, sendo o \u00fanico classificado como \u201cgrau A\u201d pelo Minist\u00e9rio da Agricultura e Pecu\u00e1ria (Mapa). Santa Catarina tamb\u00e9m compartilha a classifica\u00e7\u00e3o A para tuberculose bovina com outros quatro estados.<\/p>\n<p style=\"text-align:justify\">O controle sanit\u00e1rio do rebanho leiteiro avan\u00e7ou com a Portaria 44\/2020, que determina o monitoramento cont\u00ednuo da produ\u00e7\u00e3o e a coleta obrigat\u00f3ria de amostras de leite de tanques de refrigera\u00e7\u00e3o para exames anuais de brucelose, a partir de 2025.<\/p>\n<p style=\"text-align:justify\">Em 2024, foram coletadas amostras de 13.970 propriedades, com 402 positivas para brucelose (2,88%), uma redu\u00e7\u00e3o expressiva em compara\u00e7\u00e3o a 2021, quando a taxa era de 5,89%. Os exames individuais tamb\u00e9m indicaram uma queda significativa nos casos, de 1,36% em 2021 para 0,60% em 2024.&#13;\n<\/p>\n<p style=\"text-align:justify\">O estado conta com cerca de 540 m\u00e9dicos veterin\u00e1rios habilitados pelo Mapa, que atuam no diagn\u00f3stico e controle das doen\u00e7as, garantindo a baixa preval\u00eancia da brucelose e tuberculose no rebanho catarinense.<\/p>\n<p style=\"text-align:justify\">Com um planejamento s\u00f3lido para 2025, Santa Catarina reafirma seu compromisso com a sanidade animal e o fortalecimento do agroneg\u00f3cio, consolidando-se como exemplo de controle sanit\u00e1rio no Brasil.<\/p>\n<\/p><\/div>\n<\/p><\/div>\n<p><script data-cfasync=\"false\">\n    !function (f, b, e, v, n, t, s) {\n        if (f.fbq) return; n = f.fbq = function () {\n            n.callMethod ?\n                n.callMethod.apply(n, arguments) : n.queue.push(arguments)\n        };\n        if (!f._fbq) f._fbq = n; n.push = n; n.loaded = !0; n.version = '2.0';\n        n.queue = []; t = b.createElement(e); t.async = !0;\n        t.src = v; s = b.getElementsByTagName(e)[0];\n        s.parentNode.insertBefore(t, s)\n    }(window, document, 'script',\n        'https:\/\/connect.facebook.net\/en_US\/fbevents.js');\n    fbq('init', '522546078623747');\n    fbq('track', 'PageView');\n<\/script><br \/>\n<br \/><br \/>\n<br \/><a href=\"https:\/\/www.agrolink.com.br\/noticias\/sc-lidera-controle-sanitario-contra-brucelose-e-tuberculose_498900.html\">Source link <\/a><\/p>\n","protected":false},"excerpt":{"rendered":"<p>&#13; Santa Catarina refor\u00e7a lideran\u00e7a em sanidade animal&#13; &#13; Agrolink&#13; &#13; &#8211; Seane Lennon&#13; &#13; Publicado em 30\/01\/2025 \u00e0s 17:38h.<\/p>\n","protected":false},"author":1,"featured_media":5056,"comment_status":"open","ping_status":"open","sticky":false,"template":"","format":"standard","meta":{"_monsterinsights_skip_tracking":false,"_monsterinsights_sitenote_active":false,"_monsterinsights_sitenote_note":"","_monsterinsights_sitenote_category":0,"_uf_show_specific_survey":0,"_uf_disable_surveys":false,"footnotes":""},"categories":[8,1,14],"tags":[],"class_list":["post-8851","post","type-post","status-publish","format-standard","has-post-thumbnail","hentry","category-agro","category-news","category-politica-agro"],"_links":{"self":[{"href":"https:\/\/agromt.news\/index.php?rest_route=\/wp\/v2\/posts\/8851"}],"collection":[{"href":"https:\/\/agromt.news\/index.php?rest_route=\/wp\/v2\/posts"}],"about":[{"href":"https:\/\/agromt.news\/index.php?rest_route=\/wp\/v2\/types\/post"}],"author":[{"embeddable":true,"href":"https:\/\/agromt.news\/index.php?rest_route=\/wp\/v2\/users\/1"}],"replies":[{"embeddable":true,"href":"https:\/\/agromt.news\/index.php?rest_route=%2Fwp%2Fv2%2Fcomments&post=8851"}],"version-history":[{"count":0,"href":"https:\/\/agromt.news\/index.php?rest_route=\/wp\/v2\/posts\/8851\/revisions"}],"wp:featuredmedia":[{"embeddable":true,"href":"https:\/\/agromt.news\/index.php?rest_route=\/wp\/v2\/media\/5056"}],"wp:attachment":[{"href":"https:\/\/agromt.news\/index.php?rest_route=%2Fwp%2Fv2%2Fmedia&parent=8851"}],"wp:term":[{"taxonomy":"category","embeddable":true,"href":"https:\/\/agromt.news\/index.php?rest_route=%2Fwp%2Fv2%2Fcategories&post=8851"},{"taxonomy":"post_tag","embeddable":true,"href":"https:\/\/agromt.news\/index.php?rest_route=%2Fwp%2Fv2%2Ftags&post=8851"}],"curies":[{"name":"wp","href":"https:\/\/api.w.org\/{rel}","templated":true}]}}