{"id":8848,"date":"2025-01-31T11:02:06","date_gmt":"2025-01-31T15:02:06","guid":{"rendered":"https:\/\/agromt.news\/?p=8848"},"modified":"2025-01-31T11:02:06","modified_gmt":"2025-01-31T15:02:06","slug":"cadastro-de-animais-implicacoes-e-insegurancas","status":"publish","type":"post","link":"https:\/\/agromt.news\/?p=8848","title":{"rendered":"Cadastro de animais: Implica\u00e7\u00f5es e inseguran\u00e7as"},"content":{"rendered":"<p> <br \/>\n<\/p>\n<div>\n<div class=\"row\">\n<div class=\"col-lg col-infos mt-3 mt-lg-0\">\n<div class=\"section-sub-title\">\n<p itemprop=\"description\">&#13;<br \/>\n                                Outro ponto de aten\u00e7\u00e3o \u00e9 a poss\u00edvel sobrecarga do sistema que administrar\u00e1 o cadastro&#13;\n                            <\/p>\n<\/p><\/div>\n<div class=\"container\">\n<div class=\"row\">\n<div class=\"col-lg p-0\">\n<div>\n<div class=\"block-news-main-infos mt-3 text-start\">\n<p>                                            <strong class=\"fn\" itemprop=\"author\" style=\"color: rgb(112, 112, 112); \">&#13;<br \/>\n                                                <a href=\"https:\/\/www.agrolink.com.br\/noticias\/javascript:;\" class=\"text-uppercase\" target=\"_blank\" style=\"color: rgb(112, 112, 112); \" rel=\"noopener\">Agrolink<\/a>&#13;<br \/>\n&#13;<br \/>\n                                                    &#8211; Leonardo Gottems&#13;<br \/>\n&#13;<br \/>\n                                            <\/strong><br \/>\n                                        <\/p>\n<p>                                            <abbr><time datetime=\"2025-01-30T17:44\" itemprop=\"datePublished dateModified\">Publicado em 30\/01\/2025 \u00e0s 17:44h.<\/time><\/abbr><br \/>\n                                            <\/p><\/div>\n<\/p><\/div>\n<\/p><\/div>\n<div class=\"col-lg p-0 text-lg-end\">\n<div>\n<div id=\"mdEnviarPagina\" class=\"modal fade\" role=\"dialog\">\n<div class=\"modal-dialog\">\n<div class=\"modal-content\">\n<div class=\"modal-body\">\n<p><strong>Estimado usu\u00e1rio.<\/strong><br \/>Preencha o formul\u00e1rio abaixo para remeter a p\u00e1gina.<\/p>\n<\/p><\/div>\n<\/p><\/div>\n<\/p><\/div>\n<\/div><\/div>\n<\/p><\/div>\n<\/p><\/div>\n<\/p><\/div>\n<\/p><\/div>\n<\/p><\/div>\n<div class=\"row justify-content-md-center mt-3\">\n<div class=\"col-lg-auto col-image  block-news-main-image d-none d-md-block\">\n<p>                                <img decoding=\"async\" src=\"https:\/\/www.agrolink.com.br\/upload\/imagens-resizes\/bd48887bfb0c47b5a242feb116d80215_858x483.jpg\" class=\"lazyload \" alt=\"Outro ponto de aten\u00e7\u00e3o \u00e9 a poss\u00edvel sobrecarga do sistema que administrar\u00e1 o cadastro\"\/><br \/>\n                                                <span class=\"d-block mt-1\">Outro ponto de aten\u00e7\u00e3o \u00e9 a poss\u00edvel sobrecarga do sistema que administrar\u00e1 o cadastro &#8211; Foto: Pixabay<\/span><\/p><\/div>\n<\/p><\/div>\n<div class=\"section-description section-description-noticias mt-3\">\n<p>A san\u00e7\u00e3o da Lei 15.046, assinada pelo Governo Federal em 18 de dezembro de 2024, gerou preocupa\u00e7\u00f5es no setor pet. A lei autoriza a cria\u00e7\u00e3o do Cadastro Nacional de Animais Dom\u00e9sticos, mas tanto a Associa\u00e7\u00e3o Brasileira da Ind\u00fastria de Produtos para Animais de Estima\u00e7\u00e3o (Abinpet) quanto o Instituto Pet Brasil (IPB) apontam a falta de clareza sobre seus objetivos. O texto n\u00e3o esclarece como o cadastro ser\u00e1 usado, se servir\u00e1 para melhorar a sa\u00fade p\u00fablica ou para a cria\u00e7\u00e3o de novas pol\u00edticas p\u00fablicas, deixando muitas quest\u00f5es sem resposta.&#13;\n<\/p>\n<p>Outro ponto de aten\u00e7\u00e3o \u00e9 a poss\u00edvel sobrecarga do sistema que administrar\u00e1 o cadastro. O Servi\u00e7o Federal de Processamento de Dados (Serpro), respons\u00e1vel pela gest\u00e3o, j\u00e1 enfrenta dificuldades operacionais e pode n\u00e3o ser capaz de lidar com a complexidade da tarefa. A exig\u00eancia de registrar individualmente todos os animais dom\u00e9sticos, incluindo peixes ornamentais e pequenos mam\u00edferos, tamb\u00e9m levanta preocupa\u00e7\u00f5es quanto \u00e0 viabilidade log\u00edstica, especialmente em casos de tutores com v\u00e1rios animais.<\/p>\n<p>A diverg\u00eancia sobre o escopo do cadastro tamb\u00e9m preocupa, j\u00e1 que ainda est\u00e1 sendo discutido se ele incluir\u00e1 apenas c\u00e3es e gatos. As entidades do setor acreditam que pol\u00edticas p\u00fablicas devem focar no bem-estar dos animais, com base em discuss\u00f5es t\u00e9cnicas e transpar\u00eancia. Elas alertam para o risco de a medida ser ineficaz, sem gerar um impacto positivo real na vida dos animais e seus tutores.&#13;\n<\/p>\n<p>Exemplos internacionais, como os de Alemanha, Holanda e Inglaterra, alertam para as consequ\u00eancias de tais medidas. Inicialmente voltadas para o controle do n\u00famero de animais, essas iniciativas evolu\u00edram para a imposi\u00e7\u00e3o de taxas anuais elevadas, chegando a mil euros, o que tem gerado impactos negativos, como o aumento do abandono de animais. O Brasil precisa avaliar esses exemplos antes de adotar medidas que possam prejudicar o mercado pet e os tutores de animais.<br \/>&#13;<br \/>\n\u00a0<\/p>\n<\/p><\/div>\n<\/p><\/div>\n<p><script data-cfasync=\"false\">\n    !function (f, b, e, v, n, t, s) {\n        if (f.fbq) return; n = f.fbq = function () {\n            n.callMethod ?\n                n.callMethod.apply(n, arguments) : n.queue.push(arguments)\n        };\n        if (!f._fbq) f._fbq = n; n.push = n; n.loaded = !0; n.version = '2.0';\n        n.queue = []; t = b.createElement(e); t.async = !0;\n        t.src = v; s = b.getElementsByTagName(e)[0];\n        s.parentNode.insertBefore(t, s)\n    }(window, document, 'script',\n        'https:\/\/connect.facebook.net\/en_US\/fbevents.js');\n    fbq('init', '522546078623747');\n    fbq('track', 'PageView');\n<\/script><br \/>\n<br \/><br \/>\n<br \/><a href=\"https:\/\/www.agrolink.com.br\/noticias\/cadastro-de-animais--implicacoes-e-insegurancas_498901.html\">Source link <\/a><\/p>\n","protected":false},"excerpt":{"rendered":"<p>&#13; Outro ponto de aten\u00e7\u00e3o \u00e9 a poss\u00edvel sobrecarga do sistema que administrar\u00e1 o cadastro&#13; &#13; Agrolink&#13; &#13; &#8211; Leonardo<\/p>\n","protected":false},"author":1,"featured_media":6262,"comment_status":"open","ping_status":"open","sticky":false,"template":"","format":"standard","meta":{"_monsterinsights_skip_tracking":false,"_monsterinsights_sitenote_active":false,"_monsterinsights_sitenote_note":"","_monsterinsights_sitenote_category":0,"_uf_show_specific_survey":0,"_uf_disable_surveys":false,"footnotes":""},"categories":[8,1,14],"tags":[],"class_list":["post-8848","post","type-post","status-publish","format-standard","has-post-thumbnail","hentry","category-agro","category-news","category-politica-agro"],"_links":{"self":[{"href":"https:\/\/agromt.news\/index.php?rest_route=\/wp\/v2\/posts\/8848"}],"collection":[{"href":"https:\/\/agromt.news\/index.php?rest_route=\/wp\/v2\/posts"}],"about":[{"href":"https:\/\/agromt.news\/index.php?rest_route=\/wp\/v2\/types\/post"}],"author":[{"embeddable":true,"href":"https:\/\/agromt.news\/index.php?rest_route=\/wp\/v2\/users\/1"}],"replies":[{"embeddable":true,"href":"https:\/\/agromt.news\/index.php?rest_route=%2Fwp%2Fv2%2Fcomments&post=8848"}],"version-history":[{"count":0,"href":"https:\/\/agromt.news\/index.php?rest_route=\/wp\/v2\/posts\/8848\/revisions"}],"wp:featuredmedia":[{"embeddable":true,"href":"https:\/\/agromt.news\/index.php?rest_route=\/wp\/v2\/media\/6262"}],"wp:attachment":[{"href":"https:\/\/agromt.news\/index.php?rest_route=%2Fwp%2Fv2%2Fmedia&parent=8848"}],"wp:term":[{"taxonomy":"category","embeddable":true,"href":"https:\/\/agromt.news\/index.php?rest_route=%2Fwp%2Fv2%2Fcategories&post=8848"},{"taxonomy":"post_tag","embeddable":true,"href":"https:\/\/agromt.news\/index.php?rest_route=%2Fwp%2Fv2%2Ftags&post=8848"}],"curies":[{"name":"wp","href":"https:\/\/api.w.org\/{rel}","templated":true}]}}