{"id":8845,"date":"2025-01-31T09:32:28","date_gmt":"2025-01-31T13:32:28","guid":{"rendered":"https:\/\/agromt.news\/?p=8845"},"modified":"2025-01-31T09:32:28","modified_gmt":"2025-01-31T13:32:28","slug":"festa-junina-supera-carnaval-e-e-o-evento-mais-popular-do-brasil","status":"publish","type":"post","link":"https:\/\/agromt.news\/?p=8845","title":{"rendered":"Festa junina supera carnaval e \u00e9 o evento mais popular do Brasil"},"content":{"rendered":"<p> <br \/>\n<br \/><img decoding=\"async\" src=\"https:\/\/agromt.news\/wp-content\/uploads\/2025\/01\/Festa-junina-supera-carnaval-e-e-o-evento-mais-popular.jpeg\" \/><\/p>\n<div>\n<p>A festa junina foi o evento mais citado entre os brasileiros das capitais que afirmaram ter frequentado festas populares no \u00faltimo ano. Segundo o levantamento Cultura nas Capitais, realizado pela JLeiva Cultura &amp; Esporte com patroc\u00ednio do Ita\u00fa e do Instituto Cultural Vale, 78% dos participantes de eventos populares estiveram em festas juninas, enquanto 48% compareceram a blocos ou desfiles de carnaval.<\/p>\n<p>A pesquisa constatou que, em nenhuma capital, o carnaval superou as festas juninas em popularidade. No Recife, a diferen\u00e7a ficou dentro da margem de erro (74% para festas juninas contra 71% para o carnaval), mas nas demais cidades a diferen\u00e7a ultrapassou 10 pontos percentuais.<\/p>\n<p>Segundo Jo\u00e3o Leiva, diretor da JLeiva Cultura &amp; Esporte, a descentraliza\u00e7\u00e3o das festas juninas \u00e9 um fator determinante para sua popularidade, j\u00e1 que s\u00e3o realizadas em diversos espa\u00e7os, como escolas, igrejas e comunidades, atingindo um p\u00fablico mais amplo e diverso. Al\u00e9m disso, os festejos se estendem por um per\u00edodo maior do que o carnaval, favorecendo a alta ades\u00e3o.<\/p>\n<blockquote class=\"wp-block-quote is-layout-flow wp-block-quote-is-layout-flow\">\n<p>\u201cAs festas juninas de grande porte, em grandes espa\u00e7os, n\u00e3o chegam a ter tanto alcance midi\u00e1tico quanto os grandes blocos e desfiles de carnaval. Ou seja: as festas juninas, somadas, t\u00eam mais gente, mas menos fama\u201d, explica Leiva.<\/p>\n<\/blockquote>\n<\/div>\n<div>\n<h2 class=\"wp-block-heading\" id=\"h-sertanejo-domina-preferencia-musical-no-brasil\">Sertanejo domina prefer\u00eancia musical no Brasil<\/h2>\n<p>O estudo tamb\u00e9m revelou que o sertanejo \u00e9 o g\u00eanero musical preferido em 15 das 27 capitais, sendo citado por 34% dos entrevistados entre seus tr\u00eas estilos favoritos. O ritmo superou a soma do samba (11%) e do pagode (18%).<\/p>\n<p>Outros g\u00eaneros bem posicionados foram MPB (27%), gospel (24%), rock (21%) e pop (17%), enquanto o funk (11%) e o forr\u00f3 (16%) ficaram atr\u00e1s.<\/p>\n<p>Embora o gosto musical varie com a idade, o sertanejo se mant\u00e9m forte em todas as faixas et\u00e1rias, liderando entre os p\u00fablicos de 25 a 60 anos. A \u00fanica exce\u00e7\u00e3o \u00e9 a faixa 16 a 24 anos, na qual o funk, o pop e o rap superam o sertanejo.<\/p>\n<p>A pesquisa foi realizada entre 19 de fevereiro e 22 de maio de 2024, com 19,5 mil entrevistados acima de 16 anos, abrangendo as 26 capitais brasileiras e o Distrito Federal.<\/p>\n<\/p><\/div>\n<p><br \/>\n<br \/><a href=\"https:\/\/www.canalrural.com.br\/nacional\/festa-junina-supera-carnaval-e-e-o-evento-mais-popular-do-brasil\/\">Source link <\/a><\/p>\n","protected":false},"excerpt":{"rendered":"<p>A festa junina foi o evento mais citado entre os brasileiros das capitais que afirmaram ter frequentado festas populares no<\/p>\n","protected":false},"author":1,"featured_media":8846,"comment_status":"open","ping_status":"open","sticky":false,"template":"","format":"standard","meta":{"_monsterinsights_skip_tracking":false,"_monsterinsights_sitenote_active":false,"_monsterinsights_sitenote_note":"","_monsterinsights_sitenote_category":0,"_uf_show_specific_survey":0,"_uf_disable_surveys":false,"footnotes":""},"categories":[1],"tags":[],"class_list":["post-8845","post","type-post","status-publish","format-standard","has-post-thumbnail","hentry","category-news"],"_links":{"self":[{"href":"https:\/\/agromt.news\/index.php?rest_route=\/wp\/v2\/posts\/8845"}],"collection":[{"href":"https:\/\/agromt.news\/index.php?rest_route=\/wp\/v2\/posts"}],"about":[{"href":"https:\/\/agromt.news\/index.php?rest_route=\/wp\/v2\/types\/post"}],"author":[{"embeddable":true,"href":"https:\/\/agromt.news\/index.php?rest_route=\/wp\/v2\/users\/1"}],"replies":[{"embeddable":true,"href":"https:\/\/agromt.news\/index.php?rest_route=%2Fwp%2Fv2%2Fcomments&post=8845"}],"version-history":[{"count":0,"href":"https:\/\/agromt.news\/index.php?rest_route=\/wp\/v2\/posts\/8845\/revisions"}],"wp:featuredmedia":[{"embeddable":true,"href":"https:\/\/agromt.news\/index.php?rest_route=\/wp\/v2\/media\/8846"}],"wp:attachment":[{"href":"https:\/\/agromt.news\/index.php?rest_route=%2Fwp%2Fv2%2Fmedia&parent=8845"}],"wp:term":[{"taxonomy":"category","embeddable":true,"href":"https:\/\/agromt.news\/index.php?rest_route=%2Fwp%2Fv2%2Fcategories&post=8845"},{"taxonomy":"post_tag","embeddable":true,"href":"https:\/\/agromt.news\/index.php?rest_route=%2Fwp%2Fv2%2Ftags&post=8845"}],"curies":[{"name":"wp","href":"https:\/\/api.w.org\/{rel}","templated":true}]}}