{"id":8842,"date":"2025-01-31T08:59:37","date_gmt":"2025-01-31T12:59:37","guid":{"rendered":"https:\/\/agromt.news\/?p=8842"},"modified":"2025-01-31T08:59:37","modified_gmt":"2025-01-31T12:59:37","slug":"sc-registra-queda-no-preco-do-milho-em-janeiro","status":"publish","type":"post","link":"https:\/\/agromt.news\/?p=8842","title":{"rendered":"SC registra queda no pre\u00e7o do milho em janeiro"},"content":{"rendered":"<p> <br \/>\n<\/p>\n<div>\n<p style=\"text-align:justify\">De acordo com os dados da edi\u00e7\u00e3o de janeiro do\u00a0Boletim Agropecu\u00e1rio produzido pela Empresa de Pesquisa Agropecu\u00e1ria e Extens\u00e3o Rural de Santa Catarina (Epagri) divulgado pelo Observat\u00f3rio Agro Catarinense, o\u00a0pre\u00e7o m\u00e9dio do <a href=\"https:\/\/www.agrolink.com.br\/culturas\/milho?utm_source=agrolink-detalhe-noticia&amp;utm_medium=detalhe-noticia&amp;utm_campaign=links-internos&#9;\" target=\"_blank\" rel=\"noopener\">milho<\/a> pago ao produtor em Santa Catarina registrou queda de 1,79% em dezembro em rela\u00e7\u00e3o ao m\u00eas anterior. Nos primeiros 20 dias de janeiro de 2025, a cota\u00e7\u00e3o estadual manteve uma leve retra\u00e7\u00e3o, divergindo da alta esperada no mercado internacional para mar\u00e7o, segundo a Bolsa de Chicago.&#13;\n<\/p>\n<p style=\"text-align:justify\">Nos \u00faltimos seis anos, os pre\u00e7os apresentaram varia\u00e7\u00f5es significativas. Em 2024, os valores ficaram acima apenas dos registrados em 2019 e 2023 (ap\u00f3s maio), mas abaixo dos n\u00edveis de 2020, 2021 e 2022 \u2013 per\u00edodos impactados por fatores como a pandemia de Covid-19 e a guerra entre R\u00fassia e Ucr\u00e2nia.<\/p>\n<p style=\"text-align:justify\">Apesar da instabilidade, o cen\u00e1rio para 2025 indica possibilidade de recupera\u00e7\u00e3o dos pre\u00e7os, impulsionado pela demanda externa e sinais positivos no mercado futuro.<\/p>\n<p style=\"text-align:justify\">A \u00e1rea de cultivo da primeira safra foi reduzida em 11,3%, reflexo dos altos custos de produ\u00e7\u00e3o, inseguran\u00e7a causada pela cigarrinha e os baixos pre\u00e7os de 2024. No entanto, espera-se um aumento na produtividade de aproximadamente 25%, alcan\u00e7ando 8.594 kg\/ha.&#13;\n<\/p>\n<p style=\"text-align:justify\">As condi\u00e7\u00f5es das lavouras seguem favor\u00e1veis, apesar do calor e das chuvas irregulares. Em algumas regi\u00f5es, como Curitibanos, Campos Novos e Lages, chuvas adicionais poderiam maximizar a produtividade.<\/p>\n<p style=\"text-align:justify\">Com a menor safra estadual em 2024, Santa Catarina importou 472 mil toneladas de milho, um aumento de 25% em rela\u00e7\u00e3o ao ano anterior. O Paraguai segue como principal fornecedor devido ao menor custo de frete em compara\u00e7\u00e3o ao Centro-Oeste brasileiro.<\/p>\n<p style=\"text-align:justify\">O d\u00e9ficit de milho no estado chegou a 5,01 milh\u00f5es de toneladas em 2023 e deve superar 6 milh\u00f5es em 2024, suprido em grande parte por importa\u00e7\u00f5es interestaduais, especialmente do Mato Grosso do Sul, Paran\u00e1 e Goi\u00e1s. Com expectativas de alta nos pre\u00e7os e maior produtividade, 2025 pode trazer um cen\u00e1rio mais equilibrado para os produtores catarinenses.<\/p>\n<\/p><\/div>\n<p><script data-cfasync=\"false\">\n    !function (f, b, e, v, n, t, s) {\n        if (f.fbq) return; n = f.fbq = function () {\n            n.callMethod ?\n                n.callMethod.apply(n, arguments) : n.queue.push(arguments)\n        };\n        if (!f._fbq) f._fbq = n; n.push = n; n.loaded = !0; n.version = '2.0';\n        n.queue = []; t = b.createElement(e); t.async = !0;\n        t.src = v; s = b.getElementsByTagName(e)[0];\n        s.parentNode.insertBefore(t, s)\n    }(window, document, 'script',\n        'https:\/\/connect.facebook.net\/en_US\/fbevents.js');\n    fbq('init', '522546078623747');\n    fbq('track', 'PageView');\n<\/script><br \/>\n<br \/><br \/>\n<br \/><a href=\"https:\/\/www.agrolink.com.br\/noticias\/sc-registra-queda-no-preco-do-milho-em-janeiro_498902.html\">Source link <\/a><\/p>\n","protected":false},"excerpt":{"rendered":"<p>De acordo com os dados da edi\u00e7\u00e3o de janeiro do\u00a0Boletim Agropecu\u00e1rio produzido pela Empresa de Pesquisa Agropecu\u00e1ria e Extens\u00e3o Rural<\/p>\n","protected":false},"author":1,"featured_media":2561,"comment_status":"open","ping_status":"open","sticky":false,"template":"","format":"standard","meta":{"_monsterinsights_skip_tracking":false,"_monsterinsights_sitenote_active":false,"_monsterinsights_sitenote_note":"","_monsterinsights_sitenote_category":0,"_uf_show_specific_survey":0,"_uf_disable_surveys":false,"footnotes":""},"categories":[8,1,14],"tags":[],"class_list":["post-8842","post","type-post","status-publish","format-standard","has-post-thumbnail","hentry","category-agro","category-news","category-politica-agro"],"_links":{"self":[{"href":"https:\/\/agromt.news\/index.php?rest_route=\/wp\/v2\/posts\/8842"}],"collection":[{"href":"https:\/\/agromt.news\/index.php?rest_route=\/wp\/v2\/posts"}],"about":[{"href":"https:\/\/agromt.news\/index.php?rest_route=\/wp\/v2\/types\/post"}],"author":[{"embeddable":true,"href":"https:\/\/agromt.news\/index.php?rest_route=\/wp\/v2\/users\/1"}],"replies":[{"embeddable":true,"href":"https:\/\/agromt.news\/index.php?rest_route=%2Fwp%2Fv2%2Fcomments&post=8842"}],"version-history":[{"count":0,"href":"https:\/\/agromt.news\/index.php?rest_route=\/wp\/v2\/posts\/8842\/revisions"}],"wp:featuredmedia":[{"embeddable":true,"href":"https:\/\/agromt.news\/index.php?rest_route=\/wp\/v2\/media\/2561"}],"wp:attachment":[{"href":"https:\/\/agromt.news\/index.php?rest_route=%2Fwp%2Fv2%2Fmedia&parent=8842"}],"wp:term":[{"taxonomy":"category","embeddable":true,"href":"https:\/\/agromt.news\/index.php?rest_route=%2Fwp%2Fv2%2Fcategories&post=8842"},{"taxonomy":"post_tag","embeddable":true,"href":"https:\/\/agromt.news\/index.php?rest_route=%2Fwp%2Fv2%2Ftags&post=8842"}],"curies":[{"name":"wp","href":"https:\/\/api.w.org\/{rel}","templated":true}]}}