{"id":883,"date":"2024-08-29T01:43:06","date_gmt":"2024-08-29T05:43:06","guid":{"rendered":"https:\/\/agromt.news\/?p=883"},"modified":"2024-08-29T01:43:06","modified_gmt":"2024-08-29T05:43:06","slug":"dolar-tem-forte-queda-e-volta-para-abaixo-dos-r550-apos-fala-de-powell","status":"publish","type":"post","link":"https:\/\/agromt.news\/?p=883","title":{"rendered":"D\u00f3lar tem forte queda e volta para abaixo dos R$5,50 ap\u00f3s fala de Powell"},"content":{"rendered":"<p> <br \/>\n<\/p>\n<div>\n<p><img decoding=\"async\" alt=\"Logotipo Reuters\" height=\"22\" src=\"https:\/\/cdn.noticiasagricolas.com.br\/dbimagens\/0f687b0f35da9d220b6477534ce7c667.gif\" width=\"71\"\/><\/p>\n<p>\u00a0<\/p>\n<p>S\u00c3O PAULO (Reuters) &#8211; Depois de disparar na v\u00e9spera quase 2% no Brasil, o d\u00f3lar despencou outros 2% nesta sexta-feira, para abaixo dos 5,50 reais, acompanhando a queda generalizada da moeda norte-americana no exterior, ap\u00f3s o chair do Federal Reserve, Jerome Powell, defender o in\u00edcio dos cortes de juros nos EUA.<\/p>\n<p>O d\u00f3lar \u00e0 vista fechou em baixa de 1,97%, cotado a 5,4795 reais. Na semana, por\u00e9m, a divisa ainda acumulou alta de 0,22%.<\/p>\n<p>\u00c0s 17h23, o contrato de d\u00f3lar futuro de primeiro vencimento ca\u00eda 2,14%, a 5,4875 reais na venda.<\/p>\n<p>Bastante aguardada pelos mercados globais, a participa\u00e7\u00e3o de Powell no simp\u00f3sio de Jackson Hole refor\u00e7ou as apostas de que o Federal Reserve de fato come\u00e7ar\u00e1 a cortar juros em setembro.<\/p>\n<p>Powell defendeu pela manh\u00e3 que &#8220;chegou a hora&#8221; de o Fed cortar sua taxa de juros, uma vez que os riscos crescentes para o mercado de trabalho n\u00e3o deixam espa\u00e7o para mais fraqueza e a infla\u00e7\u00e3o est\u00e1 a caminho de alcan\u00e7ar a meta de 2%. Na pr\u00e1tica, foi um apoio expl\u00edcito ao afrouxamento da pol\u00edtica monet\u00e1ria.<\/p>\n<p>\u201cOs riscos de alta para a infla\u00e7\u00e3o diminu\u00edram. E os riscos de queda para o emprego aumentaram&#8221;, disse Powell. &#8220;Chegou a hora de ajustar a pol\u00edtica. A dire\u00e7\u00e3o a ser seguida \u00e9 clara, e o momento e o ritmo dos cortes nos juros depender\u00e3o dos dados que chegarem, da evolu\u00e7\u00e3o das perspectivas e do equil\u00edbrio dos riscos.&#8221;<\/p>\n<p>Em rea\u00e7\u00e3o \u00e0 fala de Powell, investidores foram em busca de ativos de maior risco, como a\u00e7\u00f5es e moedas de pa\u00edses emergentes, o que se traduziu na queda global do d\u00f3lar.<\/p>\n<p>No Brasil, ap\u00f3s marcar a cota\u00e7\u00e3o m\u00e1xima de 5,5843 reais (-0,10%) \u00e0s 9h, na abertura da sess\u00e3o, o d\u00f3lar \u00e0 vista atingiu a m\u00ednima de 5,4745 reais (-2,06%) \u00e0s 16h24.<\/p>\n<p>\u201cAs quest\u00f5es locais do Brasil foram praticamente deixadas de lado hoje em fun\u00e7\u00e3o das declara\u00e7\u00f5es de Powell, dizendo que chegou a hora de mexer nos juros\u201d, pontuou o diretor da Correparti Corretora, Jefferson Rugik. \u201cIsso tirou um peso do mercado e os investidores foram em busca de ativos de risco.\u201d<\/p>\n<p>Uma taxa de juros mais baixa nos EUA favorece o diferencial de juros para o Brasil, que se torna mais atrativo aos investimentos internacionais.<\/p>\n<p>Al\u00e9m de Powell, o movimento do c\u00e2mbio no Brasil foi resultado de certa recomposi\u00e7\u00e3o de posi\u00e7\u00f5es, conforme Rugik, ap\u00f3s a disparada do d\u00f3lar na v\u00e9spera.<\/p>\n<p>Internamente, a principal quest\u00e3o ainda \u00e9 se o Banco Central elevar\u00e1 ou n\u00e3o a taxa b\u00e1sica Selic em setembro, como vem sendo precificado pelo mercado. A probabilidade de alta de 25 pontos-base da Selic em setembro est\u00e1 em 90%, conforme precifica\u00e7\u00e3o da curva a termo brasileira. H\u00e1 outros 10% de probabilidade de manuten\u00e7\u00e3o da taxa em 10,50% ao ano.<\/p>\n<p>\u201cSe ele (BC) n\u00e3o subir juros na pr\u00f3xima reuni\u00e3o, o real deve se desvalorizar mais e o juro longo deve subir\u201d, pontuou Paulo Gala, economista-chefe do Banco Master, em coment\u00e1rio enviado a clientes. \u201cSe o BC n\u00e3o subir juros, o mercado sobe por conta pr\u00f3pria\u201d, acrescentou, em refer\u00eancia aos poss\u00edveis efeitos na curva.<\/p>\n<p>\u00c0s 17h21, o \u00edndice do d\u00f3lar &#8212; que mede o desempenho da moeda norte-americana frente a uma cesta de seis divisas &#8212; ca\u00eda 0,78%, a 100,670.<\/p>\n<p>Pela manh\u00e3 o Banco Central vendeu todos os 12.000 contratos de swap cambial tradicional em leil\u00e3o para fins de rolagem do vencimento de 1\u00ba de outubro de 2024.<\/p>\n<p>(Por Fabr\u00edcio de Castro)<\/p>\n<\/div>\n<p><script async defer src=\"https:\/\/connect.facebook.net\/en_US\/sdk.js\" type=\"4f740cca89361159eaf3637e-text\/javascript\"><\/script><script type=\"4f740cca89361159eaf3637e-text\/javascript\">\n  !function(f,b,e,v,n,t,s)\n  {if(f.fbq)return;n=f.fbq=function(){n.callMethod?\n    n.callMethod.apply(n,arguments):n.queue.push(arguments)};\n    if(!f._fbq)f._fbq=n;n.push=n;n.loaded=!0;n.version='2.0';\n    n.queue=[];t=b.createElement(e);t.async=!0;\n    t.src=v;s=b.getElementsByTagName(e)[0];\n    s.parentNode.insertBefore(t,s)}(window, document,'script',\n    'https:\/\/connect.facebook.net\/en_US\/fbevents.js');\n  fbq('init', '153495679422335');\n  fbq('track', 'PageView');\n<\/script><br \/>\n<br \/><br \/>\n<br \/><a href=\"https:\/\/www.noticiasagricolas.com.br\/noticias\/politica-economia\/383546-dolar-tem-forte-queda-e-volta-para-abaixo-dos-r550-apos-fala-de-powell.html\">Source link <\/a><\/p>\n","protected":false},"excerpt":{"rendered":"<p>\u00a0 S\u00c3O PAULO (Reuters) &#8211; Depois de disparar na v\u00e9spera quase 2% no Brasil, o d\u00f3lar despencou outros 2% nesta<\/p>\n","protected":false},"author":1,"featured_media":884,"comment_status":"open","ping_status":"open","sticky":false,"template":"","format":"standard","meta":{"_monsterinsights_skip_tracking":false,"_monsterinsights_sitenote_active":false,"_monsterinsights_sitenote_note":"","_monsterinsights_sitenote_category":0,"_uf_show_specific_survey":0,"_uf_disable_surveys":false,"footnotes":""},"categories":[8,1,14,16],"tags":[],"class_list":["post-883","post","type-post","status-publish","format-standard","has-post-thumbnail","hentry","category-agro","category-news","category-politica-agro","category-safra"],"_links":{"self":[{"href":"https:\/\/agromt.news\/index.php?rest_route=\/wp\/v2\/posts\/883"}],"collection":[{"href":"https:\/\/agromt.news\/index.php?rest_route=\/wp\/v2\/posts"}],"about":[{"href":"https:\/\/agromt.news\/index.php?rest_route=\/wp\/v2\/types\/post"}],"author":[{"embeddable":true,"href":"https:\/\/agromt.news\/index.php?rest_route=\/wp\/v2\/users\/1"}],"replies":[{"embeddable":true,"href":"https:\/\/agromt.news\/index.php?rest_route=%2Fwp%2Fv2%2Fcomments&post=883"}],"version-history":[{"count":0,"href":"https:\/\/agromt.news\/index.php?rest_route=\/wp\/v2\/posts\/883\/revisions"}],"wp:featuredmedia":[{"embeddable":true,"href":"https:\/\/agromt.news\/index.php?rest_route=\/wp\/v2\/media\/884"}],"wp:attachment":[{"href":"https:\/\/agromt.news\/index.php?rest_route=%2Fwp%2Fv2%2Fmedia&parent=883"}],"wp:term":[{"taxonomy":"category","embeddable":true,"href":"https:\/\/agromt.news\/index.php?rest_route=%2Fwp%2Fv2%2Fcategories&post=883"},{"taxonomy":"post_tag","embeddable":true,"href":"https:\/\/agromt.news\/index.php?rest_route=%2Fwp%2Fv2%2Ftags&post=883"}],"curies":[{"name":"wp","href":"https:\/\/api.w.org\/{rel}","templated":true}]}}