{"id":8829,"date":"2025-01-30T22:52:09","date_gmt":"2025-01-31T02:52:09","guid":{"rendered":"https:\/\/agromt.news\/?p=8829"},"modified":"2025-01-30T22:52:09","modified_gmt":"2025-01-31T02:52:09","slug":"brasil-tera-aumento-na-area-de-cafe-mas-produtividade-cai","status":"publish","type":"post","link":"https:\/\/agromt.news\/?p=8829","title":{"rendered":"Brasil ter\u00e1 aumento na \u00e1rea de caf\u00e9, mas produtividade cai"},"content":{"rendered":"<p> <br \/>\n<\/p>\n<div>\n<p style=\"text-align:justify\">A Companhia Nacional de Abastecimento (Conab) divulgou nesta ter\u00e7a-feira (28) as primeiras estimativas para a safra 2025 de <a href=\"https:\/\/www.agrolink.com.br\/culturas\/cafe\/?utm_source=agrolink-detalhe-noticia&amp;utm_medium=detalhe-noticia&amp;utm_campaign=links-internos\" target=\"_blank\" rel=\"noopener\">caf\u00e9<\/a>\u00a0no Brasil, com varia\u00e7\u00f5es tanto na \u00e1rea cultivada quanto na produtividade. Para o caf\u00e9 ar\u00e1bica, a previs\u00e3o \u00e9 de um crescimento de 0,7% na \u00e1rea total, que dever\u00e1 alcan\u00e7ar 1,84 milh\u00e3o de hectares. No entanto, a \u00e1rea em produ\u00e7\u00e3o sofreu uma redu\u00e7\u00e3o de 1,6%, totalizando 1,48 milh\u00e3o de hectares, enquanto a \u00e1rea em forma\u00e7\u00e3o teve um crescimento significativo de 11,7%, chegando a 351,4 mil hectares.&#13;\n<\/p>\n<p style=\"text-align:justify\">O caf\u00e9 ar\u00e1bica representa 82% da \u00e1rea total de cafeicultura no Brasil, com Minas Gerais liderando a produ\u00e7\u00e3o com 1,38 milh\u00e3o de hectares, correspondente a 75% da \u00e1rea ocupada por ar\u00e1bica no pa\u00eds. S\u00e3o Paulo \u00e9 o segundo maior produtor de caf\u00e9 ar\u00e1bica, com 198,3 mil hectares, o que corresponde a 10,8% do total.<\/p>\n<p style=\"text-align:justify\">Para o caf\u00e9 conilon, a \u00e1rea estimada para a safra 2025 dever\u00e1 ser de 409,7 mil hectares, com uma redu\u00e7\u00e3o de 0,5% em rela\u00e7\u00e3o \u00e0 safra anterior. A \u00e1rea de produ\u00e7\u00e3o de caf\u00e9 conilon est\u00e1 prevista em 369,7 mil hectares, com redu\u00e7\u00e3o de 0,7%, enquanto a \u00e1rea em forma\u00e7\u00e3o deve crescer 2,4%, totalizando 40 mil hectares. O Esp\u00edrito Santo continua sendo o maior produtor de caf\u00e9 conilon, com 286,7 mil hectares, seguido pela Bahia, com 48,5 mil hectares, e Rond\u00f4nia, com 46,3 mil hectares.&#13;\n<\/p>\n<p style=\"text-align:justify\">Em rela\u00e7\u00e3o \u00e0 produtividade, a previs\u00e3o nacional para o caf\u00e9 \u00e9 de 28 sacas por hectare, representando uma queda de 3% em rela\u00e7\u00e3o \u00e0 safra passada. O caf\u00e9 ar\u00e1bica deve ter uma produtividade de 23,4 sacas por hectare, o que implica uma redu\u00e7\u00e3o de 11% sobre a safra de 2024. J\u00e1 a produtividade do caf\u00e9 conilon deve alcan\u00e7ar 46,3 sacas por hectare, um aumento de 18,1% em compara\u00e7\u00e3o ao ano anterior.<\/p>\n<\/p><\/div>\n<p><script data-cfasync=\"false\">\n    !function (f, b, e, v, n, t, s) {\n        if (f.fbq) return; n = f.fbq = function () {\n            n.callMethod ?\n                n.callMethod.apply(n, arguments) : n.queue.push(arguments)\n        };\n        if (!f._fbq) f._fbq = n; n.push = n; n.loaded = !0; n.version = '2.0';\n        n.queue = []; t = b.createElement(e); t.async = !0;\n        t.src = v; s = b.getElementsByTagName(e)[0];\n        s.parentNode.insertBefore(t, s)\n    }(window, document, 'script',\n        'https:\/\/connect.facebook.net\/en_US\/fbevents.js');\n    fbq('init', '522546078623747');\n    fbq('track', 'PageView');\n<\/script><br \/>\n<br \/><br \/>\n<br \/><a href=\"https:\/\/www.agrolink.com.br\/noticias\/brasil-tera-aumento-na-area-de-cafe--mas-produtividade-cai_498865.html\">Source link <\/a><\/p>\n","protected":false},"excerpt":{"rendered":"<p>A Companhia Nacional de Abastecimento (Conab) divulgou nesta ter\u00e7a-feira (28) as primeiras estimativas para a safra 2025 de caf\u00e9\u00a0no Brasil,<\/p>\n","protected":false},"author":1,"featured_media":6085,"comment_status":"open","ping_status":"open","sticky":false,"template":"","format":"standard","meta":{"_monsterinsights_skip_tracking":false,"_monsterinsights_sitenote_active":false,"_monsterinsights_sitenote_note":"","_monsterinsights_sitenote_category":0,"_uf_show_specific_survey":0,"_uf_disable_surveys":false,"footnotes":""},"categories":[8,1,14],"tags":[],"class_list":["post-8829","post","type-post","status-publish","format-standard","has-post-thumbnail","hentry","category-agro","category-news","category-politica-agro"],"_links":{"self":[{"href":"https:\/\/agromt.news\/index.php?rest_route=\/wp\/v2\/posts\/8829"}],"collection":[{"href":"https:\/\/agromt.news\/index.php?rest_route=\/wp\/v2\/posts"}],"about":[{"href":"https:\/\/agromt.news\/index.php?rest_route=\/wp\/v2\/types\/post"}],"author":[{"embeddable":true,"href":"https:\/\/agromt.news\/index.php?rest_route=\/wp\/v2\/users\/1"}],"replies":[{"embeddable":true,"href":"https:\/\/agromt.news\/index.php?rest_route=%2Fwp%2Fv2%2Fcomments&post=8829"}],"version-history":[{"count":0,"href":"https:\/\/agromt.news\/index.php?rest_route=\/wp\/v2\/posts\/8829\/revisions"}],"wp:featuredmedia":[{"embeddable":true,"href":"https:\/\/agromt.news\/index.php?rest_route=\/wp\/v2\/media\/6085"}],"wp:attachment":[{"href":"https:\/\/agromt.news\/index.php?rest_route=%2Fwp%2Fv2%2Fmedia&parent=8829"}],"wp:term":[{"taxonomy":"category","embeddable":true,"href":"https:\/\/agromt.news\/index.php?rest_route=%2Fwp%2Fv2%2Fcategories&post=8829"},{"taxonomy":"post_tag","embeddable":true,"href":"https:\/\/agromt.news\/index.php?rest_route=%2Fwp%2Fv2%2Ftags&post=8829"}],"curies":[{"name":"wp","href":"https:\/\/api.w.org\/{rel}","templated":true}]}}