{"id":8822,"date":"2025-01-30T19:55:16","date_gmt":"2025-01-30T23:55:16","guid":{"rendered":"https:\/\/agromt.news\/?p=8822"},"modified":"2025-01-30T19:55:16","modified_gmt":"2025-01-30T23:55:16","slug":"mercado-do-boi-gordo-tem-forte-queda-nos-precos-da-arroba-veja-cotacoes","status":"publish","type":"post","link":"https:\/\/agromt.news\/?p=8822","title":{"rendered":"Mercado do boi gordo tem forte queda nos pre\u00e7os da arroba; veja cota\u00e7\u00f5es"},"content":{"rendered":"<p> <br \/>\n<br \/><img decoding=\"async\" src=\"https:\/\/imagens-cdn.canalrural.com.br\/wp-content\/uploads\/boi-gordo-mt.jpg\" \/><\/p>\n<div>\n<pre class=\"wp-block-code\"><code>O mercado f\u00edsico do boi gordo voltou a apresentar queda em seus pre\u00e7os nesta quinta-feira (30). Os frigor\u00edficos apontam para a dificuldade de escoamento da carne no mercado interno como grande justificativa para a press\u00e3o baixista.<\/code><\/pre>\n<p>De acordo com o analista de Safras &amp; Mercado Fernando Iglesias, o ambiente fraco de consumo explica as baixas. <\/p>\n<p>\u201cS\u00e3o Paulo, Goi\u00e1s e a Regi\u00e3o Norte tiveram queda destacada ao longo da semana. Resta saber se a entrada dos sal\u00e1rios na economia oferecer\u00e1 o impulso necess\u00e1rio para recuperar os pre\u00e7os da carne e dar f\u00f4lego para uma eventual retomada dos pre\u00e7os da arroba do boi gordo\u201d, destacou.<\/p>\n<h2 class=\"wp-block-heading\" id=\"h-precos-medios-da-arroba-do-boi\">Pre\u00e7os m\u00e9dios da arroba do boi<\/h2>\n<ul class=\"wp-block-list\">\n<li><strong>S\u00e3o Paulo:<\/strong> R$ 326,83 (R$ 331,58 ontem \u2013 queda de 1,4%)<\/li>\n<li><strong>Goi\u00e1s:<\/strong> R$ 310,89 (R$ 314,64 anteriormente \u2013 retra\u00e7\u00e3o 1,1%)<\/li>\n<li><strong>Minas Gerais:<\/strong> R$ 315,29 (R$ 320,29 na quarta \u2013 menos 1,5%)<\/li>\n<li><strong>Mato Grosso do Sul:<\/strong> R$ 313,52 (R$ 323,52 \u2013 diminui\u00e7\u00e3o de 3%) <\/li>\n<li><strong>Mato Grosso:<\/strong> R$ 320,42 (est\u00e1vel)<\/li>\n<\/ul>\n<\/div>\n<div>\n<h2 class=\"wp-block-heading\" id=\"h-mercado-atacadista\">Mercado atacadista<\/h2>\n<p>Os pre\u00e7os da <strong><a href=\"https:\/\/www.canalrural.com.br\/tag\/carne\/\">carne bovina<\/a><\/strong> ca\u00edram no atacado. Segundo Iglesias, a expectativa ainda \u00e9 pela melhora da reposi\u00e7\u00e3o durante a primeira quinzena de fevereiro, considerando a entrada dos sal\u00e1rios na economia como motivador para altas mais dos pre\u00e7os, mesmo que isso ocorra de maneira comedida. <\/p>\n<p>\u201cImportante destacar que o perfil de consumo delimitado para o primeiro bimestre n\u00e3o vislumbra a perspectiva de altas t\u00e3o consistentes\u201d, disse o analista.<\/p>\n<p>O quarto traseiro foi precificado a R$ 24,50 por quilo, queda de R$ 1,00. O quarto dianteiro foi precificado a R$ 17,50 por quilo, queda de R$ 0,50. A ponta de agulha foi precificada a R$ 17,50, queda de R$ 0,50.<\/p>\n<h2 class=\"wp-block-heading\" id=\"h-cambio\">C\u00e2mbio<\/h2>\n<p>O d\u00f3lar comercial encerrou em queda de 0,23%, sendo negociado a R$ 5,8534 para venda e a R$ 5,8514 para compra. Durante o dia, a moeda norte-americana oscilou entre a m\u00ednima de R$ 5,8514 e a m\u00e1xima de R$ 5,9494.<\/p>\n<\/p><\/div>\n<p><br \/>\n<br \/><a href=\"https:\/\/www.canalrural.com.br\/pecuaria\/mercado-do-boi-gordo-tem-forte-queda-nos-precos-da-arroba-veja-cotacoes\/\">Source link <\/a><\/p>\n","protected":false},"excerpt":{"rendered":"<p>O mercado f\u00edsico do boi gordo voltou a apresentar queda em seus pre\u00e7os nesta quinta-feira (30). Os frigor\u00edficos apontam para<\/p>\n","protected":false},"author":1,"featured_media":3665,"comment_status":"open","ping_status":"open","sticky":false,"template":"","format":"standard","meta":{"_monsterinsights_skip_tracking":false,"_monsterinsights_sitenote_active":false,"_monsterinsights_sitenote_note":"","_monsterinsights_sitenote_category":0,"_uf_show_specific_survey":0,"_uf_disable_surveys":false,"footnotes":""},"categories":[1],"tags":[],"class_list":["post-8822","post","type-post","status-publish","format-standard","has-post-thumbnail","hentry","category-news"],"_links":{"self":[{"href":"https:\/\/agromt.news\/index.php?rest_route=\/wp\/v2\/posts\/8822"}],"collection":[{"href":"https:\/\/agromt.news\/index.php?rest_route=\/wp\/v2\/posts"}],"about":[{"href":"https:\/\/agromt.news\/index.php?rest_route=\/wp\/v2\/types\/post"}],"author":[{"embeddable":true,"href":"https:\/\/agromt.news\/index.php?rest_route=\/wp\/v2\/users\/1"}],"replies":[{"embeddable":true,"href":"https:\/\/agromt.news\/index.php?rest_route=%2Fwp%2Fv2%2Fcomments&post=8822"}],"version-history":[{"count":0,"href":"https:\/\/agromt.news\/index.php?rest_route=\/wp\/v2\/posts\/8822\/revisions"}],"wp:featuredmedia":[{"embeddable":true,"href":"https:\/\/agromt.news\/index.php?rest_route=\/wp\/v2\/media\/3665"}],"wp:attachment":[{"href":"https:\/\/agromt.news\/index.php?rest_route=%2Fwp%2Fv2%2Fmedia&parent=8822"}],"wp:term":[{"taxonomy":"category","embeddable":true,"href":"https:\/\/agromt.news\/index.php?rest_route=%2Fwp%2Fv2%2Fcategories&post=8822"},{"taxonomy":"post_tag","embeddable":true,"href":"https:\/\/agromt.news\/index.php?rest_route=%2Fwp%2Fv2%2Ftags&post=8822"}],"curies":[{"name":"wp","href":"https:\/\/api.w.org\/{rel}","templated":true}]}}