{"id":8816,"date":"2025-01-30T18:31:53","date_gmt":"2025-01-30T22:31:53","guid":{"rendered":"https:\/\/agromt.news\/?p=8816"},"modified":"2025-01-30T18:31:53","modified_gmt":"2025-01-30T22:31:53","slug":"nova-gestao-trump-provoca-reacoes-do-mercado-de-acucar","status":"publish","type":"post","link":"https:\/\/agromt.news\/?p=8816","title":{"rendered":"Nova gest\u00e3o Trump provoca rea\u00e7\u00f5es do mercado de a\u00e7\u00facar"},"content":{"rendered":"<p> <br \/>\n<\/p>\n<div>\n<div class=\"row\">\n<div class=\"col-lg col-infos mt-3 mt-lg-0\">\n<div class=\"section-sub-title\">\n<p itemprop=\"description\">&#13;<br \/>\n                                Ainda assim, o cen\u00e1rio para o a\u00e7\u00facar continua equilibrado &#13;\n                            <\/p>\n<\/p><\/div>\n<div class=\"container\">\n<div class=\"row\">\n<div class=\"col-lg p-0\">\n<div>\n<div class=\"block-news-main-infos mt-3 text-start\">\n<p>                                            <strong class=\"fn\" itemprop=\"author\" style=\"color: rgb(112, 112, 112); \">&#13;<br \/>\n                                                <a href=\"https:\/\/www.agrolink.com.br\/noticias\/javascript:;\" class=\"text-uppercase\" target=\"_blank\" style=\"color: rgb(112, 112, 112); \" rel=\"noopener\">Agrolink<\/a>&#13;<br \/>\n&#13;<br \/>\n                                                    &#8211; Leonardo Gottems&#13;<br \/>\n&#13;<br \/>\n                                            <\/strong><br \/>\n                                        <\/p>\n<p>                                            <abbr><time datetime=\"2025-01-29T18:14\" itemprop=\"datePublished dateModified\">Publicado em 29\/01\/2025 \u00e0s 18:14h.<\/time><\/abbr><br \/>\n                                            <\/p><\/div>\n<\/p><\/div>\n<\/p><\/div>\n<div class=\"col-lg p-0 text-lg-end\">\n<div>\n<div id=\"mdEnviarPagina\" class=\"modal fade\" role=\"dialog\">\n<div class=\"modal-dialog\">\n<div class=\"modal-content\">\n<div class=\"modal-body\">\n<p><strong>Estimado usu\u00e1rio.<\/strong><br \/>Preencha o formul\u00e1rio abaixo para remeter a p\u00e1gina.<\/p>\n<\/p><\/div>\n<\/p><\/div>\n<\/p><\/div>\n<\/div><\/div>\n<\/p><\/div>\n<\/p><\/div>\n<\/p><\/div>\n<\/p><\/div>\n<\/p><\/div>\n<div class=\"row justify-content-md-center mt-3\">\n<div class=\"col-lg-auto col-image  block-news-main-image d-none d-md-block\">\n<p>                                <img decoding=\"async\" src=\"https:\/\/www.agrolink.com.br\/upload\/imagens-resizes\/d771c18b80674d52a82b313ee82fb782_858x483.jpg\" class=\"lazyload \" alt=\"Os pre\u00e7os do a\u00e7\u00facar, que come\u00e7aram a semana em baixa, registraram uma recupera\u00e7\u00e3o\"\/><br \/>\n                                                <span class=\"d-block mt-1\">Os pre\u00e7os do a\u00e7\u00facar, que come\u00e7aram a semana em baixa, registraram uma recupera\u00e7\u00e3o &#8211; Foto: Pixabay<\/span><\/p><\/div>\n<\/p><\/div>\n<div class=\"section-description section-description-noticias mt-3\">\n<p>Segundo L\u00edvea Coda, coordenadora de Intelig\u00eancia de Mercado da Hedgepoint, a postura mais branda de Donald Trump em rela\u00e7\u00e3o \u00e0s tarifas comerciais tem causado impactos significativos na economia global, incluindo uma queda de 1,7% no \u00edndice do d\u00f3lar. Essa desvaloriza\u00e7\u00e3o do d\u00f3lar tem favorecido as moedas emergentes, incluindo o real brasileiro (BRL), que se valorizou devido \u00e0 entrada de capital estrangeiro e \u00e0s prioridades econ\u00f4micas de 2025 apresentadas pelo governo federal. Esse movimento est\u00e1 refletindo diretamente nas negocia\u00e7\u00f5es de commodities, como o a\u00e7\u00facar.&#13;\n<\/p>\n<p>Os pre\u00e7os do a\u00e7\u00facar, que come\u00e7aram a semana em baixa, registraram uma recupera\u00e7\u00e3o devido a fatores t\u00e9cnicos e ao fortalecimento do Real, fechando em 19 c\/lb na sexta-feira, 24. Esse aumento foi impulsionado pela expectativa de uma demanda aquecida para o Ramad\u00e3 e pela oferta limitada de a\u00e7\u00facar no Brasil at\u00e9 a safra 2025\/2026, que ajudaram a sustentar os pre\u00e7os no curto prazo. Entretanto, a previs\u00e3o para o longo prazo indica que o mercado de a\u00e7\u00facar ainda segue uma tend\u00eancia baixista, com a expectativa de um excesso de oferta devido \u00e0s boas condi\u00e7\u00f5es clim\u00e1ticas que favorecem o desenvolvimento da safra brasileira de a\u00e7\u00facar para 2025\/2026.&#13;\n<\/p>\n<p>Ainda assim, o cen\u00e1rio para o a\u00e7\u00facar continua equilibrado no primeiro trimestre de 2025, com uma demanda projetada por motivos sazonais, mas o excesso de oferta no futuro pr\u00f3ximo pode resultar em press\u00f5es sobre os pre\u00e7os, especialmente se o clima continuar favor\u00e1vel ao Brasil, maior produtor mundial da commodity. A postura de Trump e suas pol\u00edticas comerciais ter\u00e3o um papel importante na defini\u00e7\u00e3o dos fluxos comerciais e dos pre\u00e7os das commodities nos pr\u00f3ximos meses.<br \/>&#13;<br \/>\n\u00a0&#13;\n<\/p>\n<\/p><\/div>\n<\/p><\/div>\n<p><script data-cfasync=\"false\">\n    !function (f, b, e, v, n, t, s) {\n        if (f.fbq) return; n = f.fbq = function () {\n            n.callMethod ?\n                n.callMethod.apply(n, arguments) : n.queue.push(arguments)\n        };\n        if (!f._fbq) f._fbq = n; n.push = n; n.loaded = !0; n.version = '2.0';\n        n.queue = []; t = b.createElement(e); t.async = !0;\n        t.src = v; s = b.getElementsByTagName(e)[0];\n        s.parentNode.insertBefore(t, s)\n    }(window, document, 'script',\n        'https:\/\/connect.facebook.net\/en_US\/fbevents.js');\n    fbq('init', '522546078623747');\n    fbq('track', 'PageView');\n<\/script><br \/>\n<br \/><br \/>\n<br \/><a href=\"https:\/\/www.agrolink.com.br\/noticias\/nova-gestao-trump-provoca-reacoes-do-mercado-de-acucar_498867.html\">Source link <\/a><\/p>\n","protected":false},"excerpt":{"rendered":"<p>&#13; Ainda assim, o cen\u00e1rio para o a\u00e7\u00facar continua equilibrado &#13; &#13; Agrolink&#13; &#13; &#8211; Leonardo Gottems&#13; &#13; Publicado em<\/p>\n","protected":false},"author":1,"featured_media":1007,"comment_status":"open","ping_status":"open","sticky":false,"template":"","format":"standard","meta":{"_monsterinsights_skip_tracking":false,"_monsterinsights_sitenote_active":false,"_monsterinsights_sitenote_note":"","_monsterinsights_sitenote_category":0,"_uf_show_specific_survey":0,"_uf_disable_surveys":false,"footnotes":""},"categories":[8,1,14],"tags":[],"class_list":["post-8816","post","type-post","status-publish","format-standard","has-post-thumbnail","hentry","category-agro","category-news","category-politica-agro"],"_links":{"self":[{"href":"https:\/\/agromt.news\/index.php?rest_route=\/wp\/v2\/posts\/8816"}],"collection":[{"href":"https:\/\/agromt.news\/index.php?rest_route=\/wp\/v2\/posts"}],"about":[{"href":"https:\/\/agromt.news\/index.php?rest_route=\/wp\/v2\/types\/post"}],"author":[{"embeddable":true,"href":"https:\/\/agromt.news\/index.php?rest_route=\/wp\/v2\/users\/1"}],"replies":[{"embeddable":true,"href":"https:\/\/agromt.news\/index.php?rest_route=%2Fwp%2Fv2%2Fcomments&post=8816"}],"version-history":[{"count":0,"href":"https:\/\/agromt.news\/index.php?rest_route=\/wp\/v2\/posts\/8816\/revisions"}],"wp:featuredmedia":[{"embeddable":true,"href":"https:\/\/agromt.news\/index.php?rest_route=\/wp\/v2\/media\/1007"}],"wp:attachment":[{"href":"https:\/\/agromt.news\/index.php?rest_route=%2Fwp%2Fv2%2Fmedia&parent=8816"}],"wp:term":[{"taxonomy":"category","embeddable":true,"href":"https:\/\/agromt.news\/index.php?rest_route=%2Fwp%2Fv2%2Fcategories&post=8816"},{"taxonomy":"post_tag","embeddable":true,"href":"https:\/\/agromt.news\/index.php?rest_route=%2Fwp%2Fv2%2Ftags&post=8816"}],"curies":[{"name":"wp","href":"https:\/\/api.w.org\/{rel}","templated":true}]}}