{"id":8814,"date":"2025-01-30T17:43:34","date_gmt":"2025-01-30T21:43:34","guid":{"rendered":"https:\/\/agromt.news\/?p=8814"},"modified":"2025-01-30T17:43:34","modified_gmt":"2025-01-30T21:43:34","slug":"cao-farejador-leo-se-aposenta-apos-quase-uma-decada-protegendo-o-agro","status":"publish","type":"post","link":"https:\/\/agromt.news\/?p=8814","title":{"rendered":"C\u00e3o farejador L\u00e9o se aposenta ap\u00f3s quase uma d\u00e9cada protegendo o agro"},"content":{"rendered":"<p> <br \/>\n<\/p>\n<div>\n<p>O Minist\u00e9rio da Agricultura e Pecu\u00e1ria <strong><a href=\"http:\/\/www.canalrural.com.br\/tag\/ministerio-da-agricultura\/\/\">(Mapa)<\/a><\/strong> comemorou nesta quarta-feira (29) a aposentadoria do c\u00e3o farejador L\u00e9o. O labrador, do Centro Nacional de C\u00e3es de Detec\u00e7\u00e3o (CNCD) da Secretaria de Defesa Agropecu\u00e1ria, foi pioneiro no programa de c\u00e3es de detec\u00e7\u00e3o  e atuou por quase uma d\u00e9cada no Aeroporto Internacional de Bras\u00edlia, inspecionando bagagens e impedindo a entrada de produtos de risco \u00e0 agropecu\u00e1ria nacional.<\/p>\n<figure class=\"wp-block-image size-full\"><img fetchpriority=\"high\" decoding=\"async\" width=\"768\" height=\"467\" alt=\"c\u00e3o farejador L\u00e9o se aposenta\" class=\"wp-image-4085597\"  data-lazy- src=\"https:\/\/agromt.news\/wp-content\/uploads\/2025\/01\/Cao-farejador-Leo-se-aposenta-apos-quase-uma-decada-protegendo.png\"\/><img decoding=\"async\" width=\"768\" height=\"467\" src=\"https:\/\/agromt.news\/wp-content\/uploads\/2025\/01\/Cao-farejador-Leo-se-aposenta-apos-quase-uma-decada-protegendo.png\" alt=\"c\u00e3o farejador L\u00e9o se aposenta\" class=\"wp-image-4085597\"  \/><figcaption class=\"wp-element-caption\"><em>Foto: Mapa<\/em><\/figcaption><\/figure>\n<p>A solenidade para celebrar sua aposentadoria ocorreu no Batalh\u00e3o da Guarda Presidencial, em Bras\u00edlia, e contou com a participa\u00e7\u00e3o de outros 24 c\u00e3es de diversas institui\u00e7\u00f5es que tamb\u00e9m se aposentaram. A cerim\u00f4nia teve como objetivo homenagear os c\u00e3es que dedicaram suas vidas ao servi\u00e7o p\u00fablico brasileiro.<\/p>\n<p>\u201cAp\u00f3s quase uma d\u00e9cada de dedica\u00e7\u00e3o e servi\u00e7o exemplar, L\u00e9o poder\u00e1 agora desfrutar de um merecido descanso. Seu brinquedo favorito sempre foi a bolinha de t\u00eanis, e agora ele ter\u00e1 tempo de sobra para se divertir\u201d, afirmou Romero Teixeira, chefe do CNCD e primeiro operador e treinador de L\u00e9o, que agora o adotar\u00e1. \u201cCompartilharemos uma nova fase da vida, ele merece toda a felicidade do mundo\u201d.<\/p>\n<\/div>\n<div>\n<figure class=\"wp-block-image size-full\"><img decoding=\"async\" width=\"768\" height=\"467\" alt=\"\" class=\"wp-image-4085598\"  data-lazy- src=\"https:\/\/agromt.news\/wp-content\/uploads\/2025\/01\/1738273414_281_Cao-farejador-Leo-se-aposenta-apos-quase-uma-decada-protegendo.png\"\/><img loading=\"lazy\" decoding=\"async\" width=\"768\" height=\"467\" src=\"https:\/\/agromt.news\/wp-content\/uploads\/2025\/01\/1738273414_281_Cao-farejador-Leo-se-aposenta-apos-quase-uma-decada-protegendo.png\" alt=\"\" class=\"wp-image-4085598\"  \/><figcaption class=\"wp-element-caption\"><em>Foto: Mapa<\/em><\/figcaption><\/figure>\n<p>Durante sua carreira, L\u00e9o participou de importantes opera\u00e7\u00f5es como a fiscaliza\u00e7\u00e3o da Cruzex em 2018 e o refor\u00e7o na seguran\u00e7a do Aeroporto Internacional do Gale\u00e3o (RJ). O labrador foi respons\u00e1vel pela apreens\u00e3o de toneladas de produtos irregulares, como carnes sem controle sanit\u00e1rio, frutas ex\u00f3ticas e materiais com pragas.<\/p>\n<p>A cerim\u00f4nia de aposentadoria tamb\u00e9m buscou reconhecer o trabalho dos operadores e destacar a import\u00e2ncia do CNCD na forma\u00e7\u00e3o de Equipes K9 que atuam em portos, aeroportos e fronteiras do pa\u00eds.<\/p>\n<p>O CNCD continuar\u00e1 investindo na forma\u00e7\u00e3o de novos c\u00e3es farejadores para garantir a excel\u00eancia dos servi\u00e7os de inspe\u00e7\u00e3o e a prote\u00e7\u00e3o da agropecu\u00e1ria nacional. A experi\u00eancia de L\u00e9o serve de inspira\u00e7\u00e3o para as futuras gera\u00e7\u00f5es de c\u00e3es de detec\u00e7\u00e3o e seus operadores.<\/p>\n<figure class=\"wp-block-image size-full is-resized\"><img loading=\"lazy\" decoding=\"async\" width=\"768\" height=\"467\" alt=\"\" class=\"wp-image-4085599\" style=\"width:840px;height:auto\"  data-lazy- src=\"https:\/\/agromt.news\/wp-content\/uploads\/2025\/01\/1738273414_717_Cao-farejador-Leo-se-aposenta-apos-quase-uma-decada-protegendo.png\"\/><img loading=\"lazy\" decoding=\"async\" width=\"768\" height=\"467\" src=\"https:\/\/agromt.news\/wp-content\/uploads\/2025\/01\/1738273414_717_Cao-farejador-Leo-se-aposenta-apos-quase-uma-decada-protegendo.png\" alt=\"\" class=\"wp-image-4085599\" style=\"width:840px;height:auto\"  \/><figcaption class=\"wp-element-caption\"><em>Foto: Mapa<\/em><\/figcaption><\/figure>\n<\/p><\/div>\n<p><br \/>\n<br \/><a href=\"https:\/\/www.canalrural.com.br\/agricultura\/cao-farejador-leo-se-aposenta-apos-quase-uma-decada-protegendo-o-agro\/\">Source link <\/a><\/p>\n","protected":false},"excerpt":{"rendered":"<p>O Minist\u00e9rio da Agricultura e Pecu\u00e1ria (Mapa) comemorou nesta quarta-feira (29) a aposentadoria do c\u00e3o farejador L\u00e9o. O labrador, do<\/p>\n","protected":false},"author":1,"featured_media":8815,"comment_status":"open","ping_status":"open","sticky":false,"template":"","format":"standard","meta":{"_monsterinsights_skip_tracking":false,"_monsterinsights_sitenote_active":false,"_monsterinsights_sitenote_note":"","_monsterinsights_sitenote_category":0,"_uf_show_specific_survey":0,"_uf_disable_surveys":false,"footnotes":""},"categories":[1],"tags":[],"class_list":["post-8814","post","type-post","status-publish","format-standard","has-post-thumbnail","hentry","category-news"],"_links":{"self":[{"href":"https:\/\/agromt.news\/index.php?rest_route=\/wp\/v2\/posts\/8814"}],"collection":[{"href":"https:\/\/agromt.news\/index.php?rest_route=\/wp\/v2\/posts"}],"about":[{"href":"https:\/\/agromt.news\/index.php?rest_route=\/wp\/v2\/types\/post"}],"author":[{"embeddable":true,"href":"https:\/\/agromt.news\/index.php?rest_route=\/wp\/v2\/users\/1"}],"replies":[{"embeddable":true,"href":"https:\/\/agromt.news\/index.php?rest_route=%2Fwp%2Fv2%2Fcomments&post=8814"}],"version-history":[{"count":0,"href":"https:\/\/agromt.news\/index.php?rest_route=\/wp\/v2\/posts\/8814\/revisions"}],"wp:featuredmedia":[{"embeddable":true,"href":"https:\/\/agromt.news\/index.php?rest_route=\/wp\/v2\/media\/8815"}],"wp:attachment":[{"href":"https:\/\/agromt.news\/index.php?rest_route=%2Fwp%2Fv2%2Fmedia&parent=8814"}],"wp:term":[{"taxonomy":"category","embeddable":true,"href":"https:\/\/agromt.news\/index.php?rest_route=%2Fwp%2Fv2%2Fcategories&post=8814"},{"taxonomy":"post_tag","embeddable":true,"href":"https:\/\/agromt.news\/index.php?rest_route=%2Fwp%2Fv2%2Ftags&post=8814"}],"curies":[{"name":"wp","href":"https:\/\/api.w.org\/{rel}","templated":true}]}}