{"id":8812,"date":"2025-01-30T16:29:22","date_gmt":"2025-01-30T20:29:22","guid":{"rendered":"https:\/\/agromt.news\/?p=8812"},"modified":"2025-01-30T16:29:22","modified_gmt":"2025-01-30T20:29:22","slug":"se-trump-taxar-produtos-brasileiros-havera-reciprocidade-do-brasil-diz-lula","status":"publish","type":"post","link":"https:\/\/agromt.news\/?p=8812","title":{"rendered":"Se Trump taxar produtos brasileiros, haver\u00e1 reciprocidade do Brasil, diz Lula"},"content":{"rendered":"<p> <br \/>\n<br \/><img decoding=\"async\" src=\"https:\/\/agromt.news\/wp-content\/uploads\/2025\/01\/Se-Trump-taxar-produtos-brasileiros-havera-reciprocidade-do-Brasil-diz.jpg\" \/><\/p>\n<div>\n<p>O presidente da Rep\u00fablica, Luiz In\u00e1cio Lula da Silva, afirmou nesta quinta-feira (30), que, se o presidente dos Estados Unidos, <strong><a href=\"https:\/\/www.canalrural.com.br\/tag\/trump\/\">Donald Trump<\/a><\/strong>, taxar produtos importados do Brasil, haver\u00e1 reciprocidade. <\/p>\n<p>\u201cSe ele taxar os produtos brasileiros, haver\u00e1 reciprocidade do Brasil em taxar os produtos que s\u00e3o importados dos Estados Unidos. N\u00e3o h\u00e1 nenhuma dificuldade\u201d, disse em conversa com jornalistas no Pal\u00e1cio do Planalto.<\/p>\n<p>Trump tem dito que vai taxar todos os produtos que os Estados Unidos importaram, e o Brasil pode entrar na lista de afetados.<\/p>\n<p>\u201cEu quero respeitar os Estados Unidos e quero que o Trump respeite o Brasil. Se isso acontecer, est\u00e1 de bom tamanho\u201d, afirmou o presidente.<\/p>\n<\/div>\n<div>\n<p>E destacou: \u201cDa minha parte, o que eu quero \u00e9 melhorar a rela\u00e7\u00e3o com os Estados Unidos, exportar mais se for necess\u00e1rio, importar mais se for necess\u00e1rio, e manter nossa rela\u00e7\u00e3o de 200 anos\u201d.<\/p>\n<p>Lula disse que \u201cn\u00e3o h\u00e1 nenhum interesse agora\u201d, nem dele nem de Trump, em um telefonema ou encontro. \u201cEssas conversas s\u00f3 acontecem quando voc\u00ea tem interesse, tem alguma coisa para tratar\u201d, afirmou.<\/p>\n<p>Ele disse que um encontro pode acontecer na Organiza\u00e7\u00e3o das Na\u00e7\u00f5es Unidas (ONU) \u201cse ele n\u00e3o desistir da ONU tamb\u00e9m\u201d.<\/p>\n<p>E acrescentou o presidente brasileiro: \u201cEsse neg\u00f3cio de descumprir o Acordo de Paris, dizer que n\u00e3o vai dar dinheiro para OMS, \u00e9 uma regress\u00e3o \u00e0 civiliza\u00e7\u00e3o humana.\u201d<\/p>\n<\/p><\/div>\n<p><br \/>\n<br \/><a href=\"https:\/\/www.canalrural.com.br\/politica\/se-trump-taxar-produtos-brasileiros-havera-reciprocidade-do-brasil-diz-lula\/\">Source link <\/a><\/p>\n","protected":false},"excerpt":{"rendered":"<p>O presidente da Rep\u00fablica, Luiz In\u00e1cio Lula da Silva, afirmou nesta quinta-feira (30), que, se o presidente dos Estados Unidos,<\/p>\n","protected":false},"author":1,"featured_media":8813,"comment_status":"open","ping_status":"open","sticky":false,"template":"","format":"standard","meta":{"_monsterinsights_skip_tracking":false,"_monsterinsights_sitenote_active":false,"_monsterinsights_sitenote_note":"","_monsterinsights_sitenote_category":0,"_uf_show_specific_survey":0,"_uf_disable_surveys":false,"footnotes":""},"categories":[1],"tags":[],"class_list":["post-8812","post","type-post","status-publish","format-standard","has-post-thumbnail","hentry","category-news"],"_links":{"self":[{"href":"https:\/\/agromt.news\/index.php?rest_route=\/wp\/v2\/posts\/8812"}],"collection":[{"href":"https:\/\/agromt.news\/index.php?rest_route=\/wp\/v2\/posts"}],"about":[{"href":"https:\/\/agromt.news\/index.php?rest_route=\/wp\/v2\/types\/post"}],"author":[{"embeddable":true,"href":"https:\/\/agromt.news\/index.php?rest_route=\/wp\/v2\/users\/1"}],"replies":[{"embeddable":true,"href":"https:\/\/agromt.news\/index.php?rest_route=%2Fwp%2Fv2%2Fcomments&post=8812"}],"version-history":[{"count":0,"href":"https:\/\/agromt.news\/index.php?rest_route=\/wp\/v2\/posts\/8812\/revisions"}],"wp:featuredmedia":[{"embeddable":true,"href":"https:\/\/agromt.news\/index.php?rest_route=\/wp\/v2\/media\/8813"}],"wp:attachment":[{"href":"https:\/\/agromt.news\/index.php?rest_route=%2Fwp%2Fv2%2Fmedia&parent=8812"}],"wp:term":[{"taxonomy":"category","embeddable":true,"href":"https:\/\/agromt.news\/index.php?rest_route=%2Fwp%2Fv2%2Fcategories&post=8812"},{"taxonomy":"post_tag","embeddable":true,"href":"https:\/\/agromt.news\/index.php?rest_route=%2Fwp%2Fv2%2Ftags&post=8812"}],"curies":[{"name":"wp","href":"https:\/\/api.w.org\/{rel}","templated":true}]}}