{"id":8811,"date":"2025-01-30T16:04:43","date_gmt":"2025-01-30T20:04:43","guid":{"rendered":"https:\/\/agromt.news\/?p=8811"},"modified":"2025-01-30T16:04:43","modified_gmt":"2025-01-30T20:04:43","slug":"a-cada-ano-se-usa-mais-defensivos-agricolas","status":"publish","type":"post","link":"https:\/\/agromt.news\/?p=8811","title":{"rendered":"A cada ano se usa mais defensivos agr\u00edcolas"},"content":{"rendered":"<p> <br \/>\n<\/p>\n<div>\n<div class=\"row\">\n<div class=\"col-lg col-infos mt-3 mt-lg-0\">\n<div class=\"section-sub-title\">\n<p itemprop=\"description\">&#13;<br \/>\n                                Mato Grosso e Rond\u00f4nia lideram entre os estados que mais utilizaram defensivos&#13;\n                            <\/p>\n<\/p><\/div>\n<div class=\"container\">\n<div class=\"row\">\n<div class=\"col-lg p-0\">\n<div>\n<div class=\"block-news-main-infos mt-3 text-start\">\n<p>                                            <strong class=\"fn\" itemprop=\"author\" style=\"color: rgb(112, 112, 112); \">&#13;<br \/>\n                                                <a href=\"https:\/\/www.agrolink.com.br\/noticias\/javascript:;\" class=\"text-uppercase\" target=\"_blank\" style=\"color: rgb(112, 112, 112); \" rel=\"noopener\">Agrolink<\/a>&#13;<br \/>\n&#13;<br \/>\n                                                    &#8211; Leonardo Gottems&#13;<br \/>\n&#13;<br \/>\n                                            <\/strong><br \/>\n                                        <\/p>\n<p>                                            <abbr><time datetime=\"2025-01-30T06:29\" itemprop=\"datePublished dateModified\">Publicado em 30\/01\/2025 \u00e0s 06:29h.<\/time><\/abbr><br \/>\n                                            <\/p><\/div>\n<\/p><\/div>\n<\/p><\/div>\n<div class=\"col-lg p-0 text-lg-end\">\n<div>\n<div id=\"mdEnviarPagina\" class=\"modal fade\" role=\"dialog\">\n<div class=\"modal-dialog\">\n<div class=\"modal-content\">\n<div class=\"modal-body\">\n<p><strong>Estimado usu\u00e1rio.<\/strong><br \/>Preencha o formul\u00e1rio abaixo para remeter a p\u00e1gina.<\/p>\n<\/p><\/div>\n<\/p><\/div>\n<\/p><\/div>\n<\/div><\/div>\n<\/p><\/div>\n<\/p><\/div>\n<\/p><\/div>\n<\/p><\/div>\n<\/p><\/div>\n<div class=\"row justify-content-md-center mt-3\">\n<div class=\"col-lg-auto col-image  block-news-main-image d-none d-md-block\">\n<p>                                <img decoding=\"async\" src=\"https:\/\/www.agrolink.com.br\/upload\/imagens-resizes\/dff53b24e9224562b875dd7de072025b_858x483.jpg\" class=\"lazyload \" alt=\"Os defensivos foram amplamente utilizados em herbicidas (45%)\"\/><br \/>\n                                                <span class=\"d-block mt-1\">Os defensivos foram amplamente utilizados em herbicidas (45%) &#8211; Foto: Divulga\u00e7\u00e3o<\/span><\/p><\/div>\n<\/p><\/div>\n<div class=\"section-description section-description-noticias mt-3\">\n<p>Dados da AgroReceita Receitu\u00e1rio Agron\u00f4mico Inteligente mostram que, entre janeiro e setembro de 2024, o Brasil registrou um aumento de 10,9% nas \u00e1reas tratadas com defensivos agr\u00edcolas, ultrapassando a marca de 1 bilh\u00e3o de hectares. Essa expans\u00e3o foi impulsionada, principalmente, pelos cultivos de <a href=\"https:\/\/www.agrolink.com.br\/culturas\/soja?utm_source=agrolink-detalhe-noticia&amp;utm_medium=detalhe-noticia&amp;utm_campaign=links-internos\" target=\"_blank\" rel=\"noopener\">soja<\/a> (35%), <a href=\"https:\/\/www.agrolink.com.br\/culturas\/milho?utm_source=agrolink-detalhe-noticia&amp;utm_medium=detalhe-noticia&amp;utm_campaign=links-internos&#9;\" target=\"_blank\" rel=\"noopener\">milho<\/a> (27%) e <a href=\"https:\/\/www.agrolink.com.br\/culturas\/algodao\/\" target=\"_blank\" rel=\"noopener\">algod\u00e3o<\/a> (12%), que enfrentaram desafios no controle de doen\u00e7as agr\u00edcolas, plantas daninhas e pragas como <a href=\"https:\/\/www.agrolink.com.br\/agrolinkfito\/manejo-integrado\/manejo-integrado-de-pragas\/controle--manejo-integrado--da-cigarrinha-do-milho--dalbulus-maidis-_485243.html\" target=\"_blank\" rel=\"noopener\">cigarrinha-do-milho<\/a>, mosca-branca, lagartas e bicudo-do-algodoeiro. \u00a0&#13;\n<\/p>\n<p>Os defensivos foram amplamente utilizados em herbicidas (45%), seguidos por inseticidas (26%), fungicidas (20%), tratamentos de sementes (1%) e outros produtos (9%). Apesar do aumento em \u00e1reas tratadas, o mercado totalizou US$ 11 bilh\u00f5es em vendas, registrando uma queda de 4,7% em rela\u00e7\u00e3o ao mesmo per\u00edodo de 2023. O recuo pode ser atribu\u00eddo a fatores como oscila\u00e7\u00f5es cambiais, maior competitividade nos pre\u00e7os e a ado\u00e7\u00e3o de pr\u00e1ticas mais eficientes que reduziram o volume necess\u00e1rio de aplica\u00e7\u00e3o. \u00a0<\/p>\n<p>Mato Grosso e Rond\u00f4nia lideram entre os estados que mais utilizaram defensivos, concentrando 29% do mercado, seguidos por S\u00e3o Paulo e Minas Gerais, que juntos somam 19%. O cen\u00e1rio destaca a import\u00e2ncia dos defensivos no manejo de pragas e na preserva\u00e7\u00e3o da produtividade agr\u00edcola, ao mesmo tempo que reflete desafios econ\u00f4micos para o setor. \u00a0&#13;\n<\/p>\n<p>Para os profissionais que desejam prescrever defensivos de forma pr\u00e1tica e segura, a AgroReceita disponibiliza uma plataforma com um banco de dados atualizado das bulas dos produtos registrados pelo Minist\u00e9rio da Agricultura. A ferramenta facilita a escolha do defensivo ideal para cada cultura, alvo ou problema, otimizando o processo de decis\u00e3o no campo. \u00a0<br \/>&#13;<br \/>\n\u00a0<\/p>\n<\/p><\/div>\n<\/p><\/div>\n<p><script data-cfasync=\"false\">\n    !function (f, b, e, v, n, t, s) {\n        if (f.fbq) return; n = f.fbq = function () {\n            n.callMethod ?\n                n.callMethod.apply(n, arguments) : n.queue.push(arguments)\n        };\n        if (!f._fbq) f._fbq = n; n.push = n; n.loaded = !0; n.version = '2.0';\n        n.queue = []; t = b.createElement(e); t.async = !0;\n        t.src = v; s = b.getElementsByTagName(e)[0];\n        s.parentNode.insertBefore(t, s)\n    }(window, document, 'script',\n        'https:\/\/connect.facebook.net\/en_US\/fbevents.js');\n    fbq('init', '522546078623747');\n    fbq('track', 'PageView');\n<\/script><br \/>\n<br \/><br \/>\n<br \/><a href=\"https:\/\/www.agrolink.com.br\/noticias\/a-cada-ano-se-usa-mais-defensivos-agricolas_498868.html\">Source link <\/a><\/p>\n","protected":false},"excerpt":{"rendered":"<p>&#13; Mato Grosso e Rond\u00f4nia lideram entre os estados que mais utilizaram defensivos&#13; &#13; Agrolink&#13; &#13; &#8211; Leonardo Gottems&#13; &#13;<\/p>\n","protected":false},"author":1,"featured_media":4817,"comment_status":"open","ping_status":"open","sticky":false,"template":"","format":"standard","meta":{"_monsterinsights_skip_tracking":false,"_monsterinsights_sitenote_active":false,"_monsterinsights_sitenote_note":"","_monsterinsights_sitenote_category":0,"_uf_show_specific_survey":0,"_uf_disable_surveys":false,"footnotes":""},"categories":[8,1,14],"tags":[],"class_list":["post-8811","post","type-post","status-publish","format-standard","has-post-thumbnail","hentry","category-agro","category-news","category-politica-agro"],"_links":{"self":[{"href":"https:\/\/agromt.news\/index.php?rest_route=\/wp\/v2\/posts\/8811"}],"collection":[{"href":"https:\/\/agromt.news\/index.php?rest_route=\/wp\/v2\/posts"}],"about":[{"href":"https:\/\/agromt.news\/index.php?rest_route=\/wp\/v2\/types\/post"}],"author":[{"embeddable":true,"href":"https:\/\/agromt.news\/index.php?rest_route=\/wp\/v2\/users\/1"}],"replies":[{"embeddable":true,"href":"https:\/\/agromt.news\/index.php?rest_route=%2Fwp%2Fv2%2Fcomments&post=8811"}],"version-history":[{"count":0,"href":"https:\/\/agromt.news\/index.php?rest_route=\/wp\/v2\/posts\/8811\/revisions"}],"wp:featuredmedia":[{"embeddable":true,"href":"https:\/\/agromt.news\/index.php?rest_route=\/wp\/v2\/media\/4817"}],"wp:attachment":[{"href":"https:\/\/agromt.news\/index.php?rest_route=%2Fwp%2Fv2%2Fmedia&parent=8811"}],"wp:term":[{"taxonomy":"category","embeddable":true,"href":"https:\/\/agromt.news\/index.php?rest_route=%2Fwp%2Fv2%2Fcategories&post=8811"},{"taxonomy":"post_tag","embeddable":true,"href":"https:\/\/agromt.news\/index.php?rest_route=%2Fwp%2Fv2%2Ftags&post=8811"}],"curies":[{"name":"wp","href":"https:\/\/api.w.org\/{rel}","templated":true}]}}