{"id":881,"date":"2024-08-28T22:52:17","date_gmt":"2024-08-29T02:52:17","guid":{"rendered":"https:\/\/agromt.news\/?p=881"},"modified":"2024-08-28T22:52:17","modified_gmt":"2024-08-29T02:52:17","slug":"safra-de-graos-de-sao-paulo-deve-ser-22-menor-aponta-faesp","status":"publish","type":"post","link":"https:\/\/agromt.news\/?p=881","title":{"rendered":"Safra de gr\u00e3os de S\u00e3o Paulo deve ser 22% menor, aponta Faesp"},"content":{"rendered":"<p> <br \/>\n<\/p>\n<div>\n<p>As estimativas para a produ\u00e7\u00e3o paulista de gr\u00e3os na safra 2023\/24 mostram novo recuo, de acordo com o Acompanhamento da Safra de Gr\u00e3os, elaborado pelo Departamento Econ\u00f4mico da <strong><a href=\"https:\/\/faespsenar.com.br\/\">Faesp<\/a><\/strong>. <\/p>\n<p>A produ\u00e7\u00e3o, anteriormente estimada em 8,99 milh\u00f5es de toneladas, agora \u00e9 avaliada em 8,92 milh\u00f5es de toneladas. Com esse ajuste, a safra prevista se consolida <strong>22,2%<\/strong> ou 2,54 milh\u00f5es de toneladas menor em compara\u00e7\u00e3o a anterior.<\/p>\n<h2 class=\"wp-block-heading\" id=\"h-culturas-mais-afetadas\">Culturas mais afetadas<\/h2>\n<p>De modo geral, todas as lavouras de gr\u00e3os no estado de S\u00e3o Paulo sofreram quebra de produ\u00e7\u00e3o neste ciclo, exceto arroz, feij\u00e3o 1\u00aa safra, sorgo e triticale. <\/p>\n<\/div>\n<div>\n<p>O destaque negativo \u00e9 a <strong><a href=\"https:\/\/www.canalrural.com.br\/agricultura\/projeto-soja-brasil\/\">soja<\/a><\/strong>, com queda expressiva na produ\u00e7\u00e3o. A previs\u00e3o atual \u00e9 de que sejam colhidas 3,65 milh\u00f5es de toneladas da oleaginosa, uma quebra de <strong>25,6<\/strong>% em compara\u00e7\u00e3o com a safra anterior.<\/p>\n<p>Embora a \u00e1rea plantada com gr\u00e3os no estado tenha se mantido em rela\u00e7\u00e3o \u00e0 safra passada, em 2,63 milh\u00f5es de hectares, os problemas clim\u00e1ticos afetaram severamente o rendimento das lavouras. <\/p>\n<p>Enquanto na campanha anterior a produtividade m\u00e9dia atingiu 4.381 kg\/ha, na atual est\u00e3o previstos 3.396 kg\/ha, o que representam uma perda de <strong>22,5%<\/strong>.<\/p>\n<p>O levantamento da Faesp ainda aponta que o algod\u00e3o foi severamente afetado pelas temperaturas elevadas, pela escassez de chuvas e, tamb\u00e9m, pela press\u00e3o de pragas, tendo<br \/>resultado em uma colheita <strong>28,3%<\/strong> inferior \u00e0 de 2022\/23. <\/p>\n<p>A produ\u00e7\u00e3o de amendoim tamb\u00e9m sofreu forte queda, sendo <strong>24,9%<\/strong> menor que a do ciclo anterior.<\/p>\n<h2 class=\"wp-block-heading\" id=\"h-producao-nacional-de-graos\">Produ\u00e7\u00e3o nacional de gr\u00e3os<\/h2>\n<figure class=\"wp-block-image size-full\"><img fetchpriority=\"high\" fetchpriority=\"high\" decoding=\"async\" width=\"640\" height=\"480\" src=\"https:\/\/agromt.news\/wp-content\/uploads\/2024\/08\/Safra-de-graos-de-Sao-Paulo-deve-ser-22-menor.jpg\" alt=\"Close em m\u00e3os segurando um punhado de soja\" class=\"wp-image-2762494\"\/><figcaption class=\"wp-element-caption\">Foto: Roberto Kazuhiko Zito\/Embrapa Soja<\/figcaption><\/figure>\n<p>Em n\u00edvel nacional, a Companhia Nacional de Abastecimento (Conab) reduziu para 298,6 milh\u00f5es de toneladas a estimativa da produ\u00e7\u00e3o brasileira. <\/p>\n<p>Trata-se da segunda maior safra do pa\u00eds, embora o novo volume previsto represente uma queda de 6,6% ou 21,2 milh\u00f5es de toneladas em rela\u00e7\u00e3o \u00e0 temporada anterior.<\/p>\n<\/div>\n<p><br \/>\n<br \/><a href=\"https:\/\/www.canalrural.com.br\/agricultura\/safra-de-graos-de-sao-paulo-deve-ser-22-menor-aponta-faesp\/\">Source link <\/a><\/p>\n","protected":false},"excerpt":{"rendered":"<p>As estimativas para a produ\u00e7\u00e3o paulista de gr\u00e3os na safra 2023\/24 mostram novo recuo, de acordo com o Acompanhamento da<\/p>\n","protected":false},"author":1,"featured_media":882,"comment_status":"open","ping_status":"open","sticky":false,"template":"","format":"standard","meta":{"_monsterinsights_skip_tracking":false,"_monsterinsights_sitenote_active":false,"_monsterinsights_sitenote_note":"","_monsterinsights_sitenote_category":0,"_uf_show_specific_survey":0,"_uf_disable_surveys":false,"footnotes":""},"categories":[1],"tags":[],"class_list":["post-881","post","type-post","status-publish","format-standard","has-post-thumbnail","hentry","category-news"],"_links":{"self":[{"href":"https:\/\/agromt.news\/index.php?rest_route=\/wp\/v2\/posts\/881"}],"collection":[{"href":"https:\/\/agromt.news\/index.php?rest_route=\/wp\/v2\/posts"}],"about":[{"href":"https:\/\/agromt.news\/index.php?rest_route=\/wp\/v2\/types\/post"}],"author":[{"embeddable":true,"href":"https:\/\/agromt.news\/index.php?rest_route=\/wp\/v2\/users\/1"}],"replies":[{"embeddable":true,"href":"https:\/\/agromt.news\/index.php?rest_route=%2Fwp%2Fv2%2Fcomments&post=881"}],"version-history":[{"count":0,"href":"https:\/\/agromt.news\/index.php?rest_route=\/wp\/v2\/posts\/881\/revisions"}],"wp:featuredmedia":[{"embeddable":true,"href":"https:\/\/agromt.news\/index.php?rest_route=\/wp\/v2\/media\/882"}],"wp:attachment":[{"href":"https:\/\/agromt.news\/index.php?rest_route=%2Fwp%2Fv2%2Fmedia&parent=881"}],"wp:term":[{"taxonomy":"category","embeddable":true,"href":"https:\/\/agromt.news\/index.php?rest_route=%2Fwp%2Fv2%2Fcategories&post=881"},{"taxonomy":"post_tag","embeddable":true,"href":"https:\/\/agromt.news\/index.php?rest_route=%2Fwp%2Fv2%2Ftags&post=881"}],"curies":[{"name":"wp","href":"https:\/\/api.w.org\/{rel}","templated":true}]}}