{"id":8808,"date":"2025-01-30T14:53:45","date_gmt":"2025-01-30T18:53:45","guid":{"rendered":"https:\/\/agromt.news\/?p=8808"},"modified":"2025-01-30T14:53:45","modified_gmt":"2025-01-30T18:53:45","slug":"pesca-do-camarao-esta-proibida-na-costa-sul-e-sudeste-do-brasil","status":"publish","type":"post","link":"https:\/\/agromt.news\/?p=8808","title":{"rendered":"Pesca do camar\u00e3o est\u00e1 proibida na costa Sul e Sudeste do Brasil"},"content":{"rendered":"<p> <br \/>\n<br \/><img decoding=\"async\" src=\"https:\/\/agromt.news\/wp-content\/uploads\/2024\/12\/Camarao-do-Equador-nao-tem-qualidade-para-o-Brasil-decide.jpg\" \/><\/p>\n<div>\n<p>J\u00e1 est\u00e1 em vigor e segue at\u00e9 o dia 30 de abril o per\u00edodo de defeso do <strong><a href=\"https:\/\/www.canalrural.com.br\/tag\/camar%C3%A3o\/\">camar\u00e3o<\/a><\/strong> na costa dos estados do Rio de Janeiro, S\u00e3o Paulo, <strong><a href=\"https:\/\/www.canalrural.com.br\/nacional\/parana\/\">Paran\u00e1<\/a><\/strong>, Santa Catarina e <strong><a href=\"https:\/\/www.canalrural.com.br\/nacional\/rio-grande-do-sul\/\">Rio Grande de Sul<\/a><\/strong>. Nessa \u00e9poca est\u00e1 proibido a captura das esp\u00e9cies camar\u00e3o-rosa, camar\u00e3o sete-barbas, camar\u00e3o-branco, santana ou vermelho e barba-ru\u00e7a.<\/p>\n<p>O defeso \u00e9 uma pausa tempor\u00e1ria na pesca para proteger o per\u00edodo de reprodu\u00e7\u00e3o e crescimento do camar\u00e3o, garantindo a preserva\u00e7\u00e3o e a continuidade da esp\u00e9cie. Segundo a regra, a captura do animal \u00e9 permitida em \u00e1reas de estu\u00e1rios (locais onde h\u00e1 a mistura da \u00e1gua doce do rio com a \u00e1gua salgada do mar). Mas \u00e9 necess\u00e1rio comprovar que o produto foi pescado em \u00e1reas estuarinas para poder comercializ\u00e1-lo.<\/p>\n<p>A norma segue a portaria da Secretaria de Aquicultura e Pesca (SAP) e do Minist\u00e9rio da Agricultura (Mapa) n\u00b0 656, publicada em mar\u00e7o de 2022 e da portaria do Minist\u00e9rio do Meio Ambiente n\u00b0 16, de dezembro de 2024.<\/p>\n<\/div>\n<p><br \/>\n<br \/><a href=\"https:\/\/www.canalrural.com.br\/aves-e-suinos\/peixes\/pesca-do-camarao-esta-proibida-na-costa-sul-e-sudeste-do-brasil\/\">Source link <\/a><\/p>\n","protected":false},"excerpt":{"rendered":"<p>J\u00e1 est\u00e1 em vigor e segue at\u00e9 o dia 30 de abril o per\u00edodo de defeso do camar\u00e3o na costa<\/p>\n","protected":false},"author":1,"featured_media":6082,"comment_status":"open","ping_status":"open","sticky":false,"template":"","format":"standard","meta":{"_monsterinsights_skip_tracking":false,"_monsterinsights_sitenote_active":false,"_monsterinsights_sitenote_note":"","_monsterinsights_sitenote_category":0,"_uf_show_specific_survey":0,"_uf_disable_surveys":false,"footnotes":""},"categories":[1],"tags":[],"class_list":["post-8808","post","type-post","status-publish","format-standard","has-post-thumbnail","hentry","category-news"],"_links":{"self":[{"href":"https:\/\/agromt.news\/index.php?rest_route=\/wp\/v2\/posts\/8808"}],"collection":[{"href":"https:\/\/agromt.news\/index.php?rest_route=\/wp\/v2\/posts"}],"about":[{"href":"https:\/\/agromt.news\/index.php?rest_route=\/wp\/v2\/types\/post"}],"author":[{"embeddable":true,"href":"https:\/\/agromt.news\/index.php?rest_route=\/wp\/v2\/users\/1"}],"replies":[{"embeddable":true,"href":"https:\/\/agromt.news\/index.php?rest_route=%2Fwp%2Fv2%2Fcomments&post=8808"}],"version-history":[{"count":0,"href":"https:\/\/agromt.news\/index.php?rest_route=\/wp\/v2\/posts\/8808\/revisions"}],"wp:featuredmedia":[{"embeddable":true,"href":"https:\/\/agromt.news\/index.php?rest_route=\/wp\/v2\/media\/6082"}],"wp:attachment":[{"href":"https:\/\/agromt.news\/index.php?rest_route=%2Fwp%2Fv2%2Fmedia&parent=8808"}],"wp:term":[{"taxonomy":"category","embeddable":true,"href":"https:\/\/agromt.news\/index.php?rest_route=%2Fwp%2Fv2%2Fcategories&post=8808"},{"taxonomy":"post_tag","embeddable":true,"href":"https:\/\/agromt.news\/index.php?rest_route=%2Fwp%2Fv2%2Ftags&post=8808"}],"curies":[{"name":"wp","href":"https:\/\/api.w.org\/{rel}","templated":true}]}}