{"id":8807,"date":"2025-01-30T14:06:35","date_gmt":"2025-01-30T18:06:35","guid":{"rendered":"https:\/\/agromt.news\/?p=8807"},"modified":"2025-01-30T14:06:35","modified_gmt":"2025-01-30T18:06:35","slug":"volatilidade-e-oferta-restrita-pressionam-precos","status":"publish","type":"post","link":"https:\/\/agromt.news\/?p=8807","title":{"rendered":"volatilidade e oferta restrita pressionam pre\u00e7os"},"content":{"rendered":"<p> <br \/>\n<\/p>\n<div>\n<div class=\"row\">\n<div class=\"col-lg col-infos mt-3 mt-lg-0\">\n<div class=\"section-sub-title\">\n<p itemprop=\"description\">&#13;<br \/>\n                                A comercializa\u00e7\u00e3o da safra 2024\/25 est\u00e1 acima da m\u00e9dia hist\u00f3rica&#13;\n                            <\/p>\n<\/p><\/div>\n<div class=\"container\">\n<div class=\"row\">\n<div class=\"col-lg p-0\">\n<div>\n<div class=\"block-news-main-infos mt-3 text-start\">\n<p>                                            <strong class=\"fn\" itemprop=\"author\" style=\"color: rgb(112, 112, 112); \">&#13;<br \/>\n                                                <a href=\"https:\/\/www.agrolink.com.br\/noticias\/javascript:;\" class=\"text-uppercase\" target=\"_blank\" style=\"color: rgb(112, 112, 112); \" rel=\"noopener\">Agrolink<\/a>&#13;<br \/>\n&#13;<br \/>\n                                                    &#8211; Leonardo Gottems&#13;<br \/>\n&#13;<br \/>\n                                            <\/strong><br \/>\n                                        <\/p>\n<p>                                            <abbr><time datetime=\"2025-01-30T06:31\" itemprop=\"datePublished dateModified\">Publicado em 30\/01\/2025 \u00e0s 06:31h.<\/time><\/abbr><br \/>\n                                            <\/p><\/div>\n<\/p><\/div>\n<\/p><\/div>\n<div class=\"col-lg p-0 text-lg-end\">\n<div>\n<div id=\"mdEnviarPagina\" class=\"modal fade\" role=\"dialog\">\n<div class=\"modal-dialog\">\n<div class=\"modal-content\">\n<div class=\"modal-body\">\n<p><strong>Estimado usu\u00e1rio.<\/strong><br \/>Preencha o formul\u00e1rio abaixo para remeter a p\u00e1gina.<\/p>\n<\/p><\/div>\n<\/p><\/div>\n<\/p><\/div>\n<\/div><\/div>\n<\/p><\/div>\n<\/p><\/div>\n<\/p><\/div>\n<\/p><\/div>\n<\/p><\/div>\n<div class=\"row justify-content-md-center mt-3\">\n<div class=\"col-lg-auto col-image  block-news-main-image d-none d-md-block\">\n<p>                                <img decoding=\"async\" src=\"https:\/\/www.agrolink.com.br\/upload\/imagens-resizes\/920f62d4740d4b83862ad5f33c66023b_858x483.jpg\" class=\"lazyload \" alt=\"\u201cOs pre\u00e7os dos gr\u00e3os brasileiros subiram no mercado internacional devido \u00e0 maior demanda e oferta restrita&quot;\"\/><br \/>\n                                                <span class=\"d-block mt-1\">\u201cOs pre\u00e7os dos gr\u00e3os brasileiros subiram no mercado internacional devido \u00e0 maior demanda e oferta restrita&#8221; &#8211; Foto: Divulga\u00e7\u00e3o<\/span><\/p><\/div>\n<\/p><\/div>\n<div class=\"section-description section-description-noticias mt-3\">\n<p>Os pre\u00e7os do caf\u00e9 seguem vol\u00e1teis devido a fatores macroecon\u00f4micos e preocupa\u00e7\u00f5es com a oferta restrita, especialmente no Brasil, conforme an\u00e1lise de Laleska Moda, da Hedgepoint. Na segunda-feira (27), o contrato de ar\u00e1bica para mar\u00e7o de 2025 voltou a se aproximar de 350 c\/lb, refletindo essa instabilidade no mercado futuro. A incerteza econ\u00f4mica global e as condi\u00e7\u00f5es de oferta continuam influenciando os movimentos de pre\u00e7os. \u00a0&#13;\n<\/p>\n<p>A comercializa\u00e7\u00e3o da safra 2024\/25 est\u00e1 acima da m\u00e9dia hist\u00f3rica, o que limita a disponibilidade de gr\u00e3os brasileiros at\u00e9 a pr\u00f3xima temporada. Al\u00e9m disso, os estoques globais seguem baixos, e a oferta restrita em outras regi\u00f5es tem elevado os diferenciais pagos pelo caf\u00e9 brasileiro. Esse cen\u00e1rio refor\u00e7a a percep\u00e7\u00e3o de um mercado mais apertado, sustentando os pre\u00e7os em patamares elevados. \u00a0<\/p>\n<p>Tanto o ar\u00e1bica quanto o robusta enfrentam restri\u00e7\u00f5es na oferta, mas o ar\u00e1bica tem registrado ganhos mais expressivos, ampliando a arbitragem entre as variedades. Essa valoriza\u00e7\u00e3o pode estimular um aumento na demanda pelo robusta como alternativa mais acess\u00edvel ao ar\u00e1bica nos pr\u00f3ximos meses, \u00e0 medida que compradores buscam otimizar custos. \u00a0&#13;\n<\/p>\n<p>\u201cOs pre\u00e7os dos gr\u00e3os brasileiros subiram no mercado internacional devido \u00e0 maior demanda e oferta restrita. Diferenciais de pre\u00e7os do ar\u00e1bica e conilon est\u00e3o acima da m\u00e9dia de 5 anos. O conilon teve um aumento significativo na \u00faltima semana, influenciado pela redu\u00e7\u00e3o da oferta vietnamita. Entretanto, o spread entre ar\u00e1bica e conilon no Brasil atingiu n\u00edveis elevados desde o fim de 2024, refletindo a alta mais expressiva do ar\u00e1bica em fun\u00e7\u00e3o das preocupa\u00e7\u00f5es com oferta limitada\u201d, avalia Laleska.<br \/>&#13;<br \/>\n\u00a0<\/p>\n<\/p><\/div>\n<\/p><\/div>\n<p><script data-cfasync=\"false\">\n    !function (f, b, e, v, n, t, s) {\n        if (f.fbq) return; n = f.fbq = function () {\n            n.callMethod ?\n                n.callMethod.apply(n, arguments) : n.queue.push(arguments)\n        };\n        if (!f._fbq) f._fbq = n; n.push = n; n.loaded = !0; n.version = '2.0';\n        n.queue = []; t = b.createElement(e); t.async = !0;\n        t.src = v; s = b.getElementsByTagName(e)[0];\n        s.parentNode.insertBefore(t, s)\n    }(window, document, 'script',\n        'https:\/\/connect.facebook.net\/en_US\/fbevents.js');\n    fbq('init', '522546078623747');\n    fbq('track', 'PageView');\n<\/script><br \/>\n<br \/><br \/>\n<br \/><a href=\"https:\/\/www.agrolink.com.br\/noticias\/cafe--volatilidade-e-oferta-restrita-pressionam-precos_498869.html\">Source link <\/a><\/p>\n","protected":false},"excerpt":{"rendered":"<p>&#13; A comercializa\u00e7\u00e3o da safra 2024\/25 est\u00e1 acima da m\u00e9dia hist\u00f3rica&#13; &#13; Agrolink&#13; &#13; &#8211; Leonardo Gottems&#13; &#13; Publicado em<\/p>\n","protected":false},"author":1,"featured_media":805,"comment_status":"open","ping_status":"open","sticky":false,"template":"","format":"standard","meta":{"_monsterinsights_skip_tracking":false,"_monsterinsights_sitenote_active":false,"_monsterinsights_sitenote_note":"","_monsterinsights_sitenote_category":0,"_uf_show_specific_survey":0,"_uf_disable_surveys":false,"footnotes":""},"categories":[8,1,14],"tags":[],"class_list":["post-8807","post","type-post","status-publish","format-standard","has-post-thumbnail","hentry","category-agro","category-news","category-politica-agro"],"_links":{"self":[{"href":"https:\/\/agromt.news\/index.php?rest_route=\/wp\/v2\/posts\/8807"}],"collection":[{"href":"https:\/\/agromt.news\/index.php?rest_route=\/wp\/v2\/posts"}],"about":[{"href":"https:\/\/agromt.news\/index.php?rest_route=\/wp\/v2\/types\/post"}],"author":[{"embeddable":true,"href":"https:\/\/agromt.news\/index.php?rest_route=\/wp\/v2\/users\/1"}],"replies":[{"embeddable":true,"href":"https:\/\/agromt.news\/index.php?rest_route=%2Fwp%2Fv2%2Fcomments&post=8807"}],"version-history":[{"count":0,"href":"https:\/\/agromt.news\/index.php?rest_route=\/wp\/v2\/posts\/8807\/revisions"}],"wp:featuredmedia":[{"embeddable":true,"href":"https:\/\/agromt.news\/index.php?rest_route=\/wp\/v2\/media\/805"}],"wp:attachment":[{"href":"https:\/\/agromt.news\/index.php?rest_route=%2Fwp%2Fv2%2Fmedia&parent=8807"}],"wp:term":[{"taxonomy":"category","embeddable":true,"href":"https:\/\/agromt.news\/index.php?rest_route=%2Fwp%2Fv2%2Fcategories&post=8807"},{"taxonomy":"post_tag","embeddable":true,"href":"https:\/\/agromt.news\/index.php?rest_route=%2Fwp%2Fv2%2Ftags&post=8807"}],"curies":[{"name":"wp","href":"https:\/\/api.w.org\/{rel}","templated":true}]}}