{"id":8805,"date":"2025-01-30T14:04:30","date_gmt":"2025-01-30T18:04:30","guid":{"rendered":"https:\/\/agromt.news\/?p=8805"},"modified":"2025-01-30T14:04:30","modified_gmt":"2025-01-30T18:04:30","slug":"cacadores-de-bufalos-sao-alvo-de-operacao-da-pf","status":"publish","type":"post","link":"https:\/\/agromt.news\/?p=8805","title":{"rendered":"Ca\u00e7adores de b\u00fafalos s\u00e3o alvo de opera\u00e7\u00e3o da PF"},"content":{"rendered":"<p> <br \/>\n<br \/><img decoding=\"async\" src=\"https:\/\/agromt.news\/wp-content\/uploads\/2025\/01\/Cacadores-de-bufalos-sao-alvo-de-operacao-da-PF.jpeg\" \/><\/p>\n<div>\n<p>A <strong><a href=\"https:\/\/www.canalrural.com.br\/tag\/PF\/\">Pol\u00edcia Federal (PF)<\/a><\/strong> deflagrou na manh\u00e3 de hoje (30) a Opera\u00e7\u00e3o Prov\u00e9rbios 11:17, com o objetivo de coibir a pr\u00e1tica da ca\u00e7a ilegal de b\u00fafalos que se tornaram selvagens, em Goi\u00e1s, com o uso de armas de fogo de grosso calibre. Segundo a institui\u00e7\u00e3o, as imagens dos crimes eram compartilhadas nas redes sociais \u201cvisando satisfa\u00e7\u00e3o e promo\u00e7\u00e3o pessoal\u201d.<\/p>\n<p>Policiais Federais est\u00e3o cumprindo cinco mandados judiciais de busca e apreens\u00e3o em Jata\u00ed e numa fazenda localizada na zona rural do munic\u00edpio de Serran\u00f3polis.<\/p>\n<\/div>\n<div>\n<p>De acordo com a PF, nesta etapa, a opera\u00e7\u00e3o visa a apreens\u00e3o de armas de fogo, muni\u00e7\u00f5es e seus respectivos acess\u00f3rios, al\u00e9m de elementos que possam provar o crime.<\/p>\n<p>No comunicado, a PF informa que os investigados podem responder pela pr\u00e1tica dos crimes de posse ilegal de arma de fogo, ca\u00e7a de animais asselvajados, maus-tratos de animais e associa\u00e7\u00e3o criminosa, com penas at\u00e9 12 anos de reclus\u00e3o.<\/p>\n<\/p><\/div>\n<p><br \/>\n<br \/><a href=\"https:\/\/www.canalrural.com.br\/nacional\/cacadores-de-bufalos-sao-alvo-de-operacao-da-pf\/\">Source link <\/a><\/p>\n","protected":false},"excerpt":{"rendered":"<p>A Pol\u00edcia Federal (PF) deflagrou na manh\u00e3 de hoje (30) a Opera\u00e7\u00e3o Prov\u00e9rbios 11:17, com o objetivo de coibir a<\/p>\n","protected":false},"author":1,"featured_media":8806,"comment_status":"open","ping_status":"open","sticky":false,"template":"","format":"standard","meta":{"_monsterinsights_skip_tracking":false,"_monsterinsights_sitenote_active":false,"_monsterinsights_sitenote_note":"","_monsterinsights_sitenote_category":0,"_uf_show_specific_survey":0,"_uf_disable_surveys":false,"footnotes":""},"categories":[1],"tags":[],"class_list":["post-8805","post","type-post","status-publish","format-standard","has-post-thumbnail","hentry","category-news"],"_links":{"self":[{"href":"https:\/\/agromt.news\/index.php?rest_route=\/wp\/v2\/posts\/8805"}],"collection":[{"href":"https:\/\/agromt.news\/index.php?rest_route=\/wp\/v2\/posts"}],"about":[{"href":"https:\/\/agromt.news\/index.php?rest_route=\/wp\/v2\/types\/post"}],"author":[{"embeddable":true,"href":"https:\/\/agromt.news\/index.php?rest_route=\/wp\/v2\/users\/1"}],"replies":[{"embeddable":true,"href":"https:\/\/agromt.news\/index.php?rest_route=%2Fwp%2Fv2%2Fcomments&post=8805"}],"version-history":[{"count":0,"href":"https:\/\/agromt.news\/index.php?rest_route=\/wp\/v2\/posts\/8805\/revisions"}],"wp:featuredmedia":[{"embeddable":true,"href":"https:\/\/agromt.news\/index.php?rest_route=\/wp\/v2\/media\/8806"}],"wp:attachment":[{"href":"https:\/\/agromt.news\/index.php?rest_route=%2Fwp%2Fv2%2Fmedia&parent=8805"}],"wp:term":[{"taxonomy":"category","embeddable":true,"href":"https:\/\/agromt.news\/index.php?rest_route=%2Fwp%2Fv2%2Fcategories&post=8805"},{"taxonomy":"post_tag","embeddable":true,"href":"https:\/\/agromt.news\/index.php?rest_route=%2Fwp%2Fv2%2Ftags&post=8805"}],"curies":[{"name":"wp","href":"https:\/\/api.w.org\/{rel}","templated":true}]}}