{"id":8802,"date":"2025-01-30T13:50:14","date_gmt":"2025-01-30T17:50:14","guid":{"rendered":"https:\/\/agromt.news\/?p=8802"},"modified":"2025-01-30T13:50:14","modified_gmt":"2025-01-30T17:50:14","slug":"a-abertura-da-colheita-da-soja-acontece-na-proxima-semana","status":"publish","type":"post","link":"https:\/\/agromt.news\/?p=8802","title":{"rendered":"A Abertura da Colheita da Soja acontece na pr\u00f3xima semana!"},"content":{"rendered":"<p> <br \/>\n<br \/><img decoding=\"async\" src=\"https:\/\/agromt.news\/wp-content\/uploads\/2025\/01\/A-Abertura-da-Colheita-da-Soja-acontece-na-proxima-semana.jpg\" \/><\/p>\n<div>\n<p>A Abertura Nacional da Colheita da Soja safra 2024\/2025 ser\u00e1 <a href=\"https:\/\/docs.google.com\/forms\/d\/e\/1FAIpQLSe-IHoR9Jp94zOo9c64NvQ8oxD6hfe5DleaI9SmEZOPcR1VkQ\/viewform?usp=sf_link\">realizada <\/a>na pr\u00f3xima sexta-feira, 7 de fevereiro, a partir das 8h30 (hor\u00e1rio de Bras\u00edlia), no munic\u00edpio de Santa Carmem. O evento re\u00fane as Associa\u00e7\u00f5es de Produtores de todo o Brasil e, nesta edi\u00e7\u00e3o, ser\u00e1 sediado em <a href=\"https:\/\/www.canalrural.com.br\/agricultura\/projeto-soja-brasil\/no-coracao-de-mt-a-abertura-nacional-da-colheita-da-soja\/\">Mato Grosso<\/a> em comemora\u00e7\u00e3o aos 20 anos da Associa\u00e7\u00e3o dos Produtores de Soja e Milho de Mato Grosso (<a href=\"https:\/\/aprosoja.com.br\/\">Aprosoja MT<\/a>). O evento come\u00e7a com um caf\u00e9 especial, al\u00e9m de almo\u00e7o e um grande show.<\/p>\n<p>O vice-presidente leste da entidade, Ilson Redivo, destacou a relev\u00e2ncia do encontro para o setor. \u201d\u00c9 importante a participa\u00e7\u00e3o de todos, porque esse evento destaca a import\u00e2ncia da cultura da soja para o Brasil e para o estado de Mato Grosso. N\u00f3s conclamamos todos os produtores a participarem\u201d, disse.<\/p>\n<\/div>\n<div>\n<p>Redivo, tamb\u00e9m presidente do Sindicato Rural de Sinop, destacou que o evento contar\u00e1 com pain\u00e9is sobre Sustentabilidade, COP 30, Biocombust\u00edveis e Alimentos. Ele mencionou a presen\u00e7a de Aldo Rebelo, do deputado Arnaldo Jardim, vice-presidente da Frente Parlamentar da Agricultura, de Daniel Vargas, Fabr\u00edcio Rosa da Aprosoja Brasil e presidentes das Aprosojas de diversos estados.<\/p>\n<h2 class=\"wp-block-heading\" id=\"h-fazenda-esperanca-o-palco-do-evento\">Fazenda Esperan\u00e7a: o palco do evento <\/h2>\n<p>A Abertura vai acontecer na Fazenda Esperan\u00e7a, do produtor Invaldo Weis, que contou como est\u00e3o os preparativos. \u201dEu me sinto privilegiado em receber esse evento na minha propriedade e eu acho que \u00e9 um privil\u00e9gio n\u00e3o s\u00f3 para mim, mas para toda a regi\u00e3o e principalmente para o munic\u00edpio de Santa Carmem. <\/p>\n<p>As inscri\u00e7\u00f5es para a Abertura Nacional da Colheita da Soja 2024\/25 s\u00e3o gratuitas e est\u00e3o <a href=\"https:\/\/docs.google.com\/forms\/d\/e\/1FAIpQLSe-IHoR9Jp94zOo9c64NvQ8oxD6hfe5DleaI9SmEZOPcR1VkQ\/viewform?usp=sf_link\">abertas<\/a>. Al\u00e9m da programa\u00e7\u00e3o t\u00e9cnica e de debates estrat\u00e9gicos para o setor, o evento ser\u00e1 uma oportunidade de troca de experi\u00eancias entre produtores, especialistas e representantes do agro e ser\u00e1 transmitido pelo Canal Rural Brasil. Para participar, os interessados podem se inscrever. <\/p>\n<\/p><\/div>\n<p><br \/>\n<br \/><a href=\"https:\/\/www.canalrural.com.br\/agricultura\/projeto-soja-brasil\/o-evento-esta-chegando-a-abertura-nacional-da-colheita-da-soja-acontece-na-proxima-semana\/\">Source link <\/a><\/p>\n","protected":false},"excerpt":{"rendered":"<p>A Abertura Nacional da Colheita da Soja safra 2024\/2025 ser\u00e1 realizada na pr\u00f3xima sexta-feira, 7 de fevereiro, a partir das<\/p>\n","protected":false},"author":1,"featured_media":8803,"comment_status":"open","ping_status":"open","sticky":false,"template":"","format":"standard","meta":{"_monsterinsights_skip_tracking":false,"_monsterinsights_sitenote_active":false,"_monsterinsights_sitenote_note":"","_monsterinsights_sitenote_category":0,"_uf_show_specific_survey":0,"_uf_disable_surveys":false,"footnotes":""},"categories":[1],"tags":[],"class_list":["post-8802","post","type-post","status-publish","format-standard","has-post-thumbnail","hentry","category-news"],"_links":{"self":[{"href":"https:\/\/agromt.news\/index.php?rest_route=\/wp\/v2\/posts\/8802"}],"collection":[{"href":"https:\/\/agromt.news\/index.php?rest_route=\/wp\/v2\/posts"}],"about":[{"href":"https:\/\/agromt.news\/index.php?rest_route=\/wp\/v2\/types\/post"}],"author":[{"embeddable":true,"href":"https:\/\/agromt.news\/index.php?rest_route=\/wp\/v2\/users\/1"}],"replies":[{"embeddable":true,"href":"https:\/\/agromt.news\/index.php?rest_route=%2Fwp%2Fv2%2Fcomments&post=8802"}],"version-history":[{"count":0,"href":"https:\/\/agromt.news\/index.php?rest_route=\/wp\/v2\/posts\/8802\/revisions"}],"wp:featuredmedia":[{"embeddable":true,"href":"https:\/\/agromt.news\/index.php?rest_route=\/wp\/v2\/media\/8803"}],"wp:attachment":[{"href":"https:\/\/agromt.news\/index.php?rest_route=%2Fwp%2Fv2%2Fmedia&parent=8802"}],"wp:term":[{"taxonomy":"category","embeddable":true,"href":"https:\/\/agromt.news\/index.php?rest_route=%2Fwp%2Fv2%2Fcategories&post=8802"},{"taxonomy":"post_tag","embeddable":true,"href":"https:\/\/agromt.news\/index.php?rest_route=%2Fwp%2Fv2%2Ftags&post=8802"}],"curies":[{"name":"wp","href":"https:\/\/api.w.org\/{rel}","templated":true}]}}