{"id":8797,"date":"2025-01-30T12:17:52","date_gmt":"2025-01-30T16:17:52","guid":{"rendered":"https:\/\/agromt.news\/?p=8797"},"modified":"2025-01-30T12:17:52","modified_gmt":"2025-01-30T16:17:52","slug":"mercado-brasileiro-deve-ter-negociacoes-mais-aquecidas","status":"publish","type":"post","link":"https:\/\/agromt.news\/?p=8797","title":{"rendered":"mercado brasileiro deve ter negocia\u00e7\u00f5es mais aquecidas"},"content":{"rendered":"<p> <br \/>\n<br \/><img decoding=\"async\" src=\"https:\/\/agromt.news\/wp-content\/uploads\/2024\/12\/Cafe-especial-brasileiro-e-vendido-em-leilao-por-equivalente-a.jpg\" \/><\/p>\n<div>\n<p>O mercado f\u00edsico brasileiro de caf\u00e9 deve ter uma quinta-feira (30) mais movimentada, com pre\u00e7os firmes acompanhando a valoriza\u00e7\u00e3o do caf\u00e9 na Bolsa de Nova York (ICE Futures US) e a alta do d\u00f3lar frente ao real, fator que favorece as exporta\u00e7\u00f5es.<\/p>\n<h2 class=\"wp-block-heading\" id=\"h-movimentacao-no-mercado-fisico\">Movimenta\u00e7\u00e3o no mercado f\u00edsico<\/h2>\n<p>Na quarta-feira (29), os pre\u00e7os do <strong><a href=\"https:\/\/www.canalrural.com.br\/tag\/caf%C3%A9\/\">caf\u00e9<\/a><\/strong> subiram, mas o ritmo de neg\u00f3cios foi lento. Segundo a Safras &amp; Mercado, compradores elevaram suas ofertas, mas os produtores seguem pedindo mais, o que limita as negocia\u00e7\u00f5es. Pequenos lotes ainda dominam as transa\u00e7\u00f5es.<\/p>\n<h2 class=\"wp-block-heading\" id=\"h-principais-precos\">Principais pre\u00e7os:<\/h2>\n<ul class=\"wp-block-list\">\n<li>Sul de Minas Gerais (ar\u00e1bica bebida boa, 15% cata\u00e7\u00e3o) \u2192 R$ 2.520,00\/2.530,00 por saca (\u2191 R$ 60)<\/li>\n<li>Cerrado Mineiro (ar\u00e1bica bebida dura, 15% cata\u00e7\u00e3o) \u2192 R$ 2.545,00\/2.555,00 por saca (\u2191 R$ 55)<\/li>\n<li>Zona da Mata (ar\u00e1bica \u201crio\u201d tipo 7, 20% cata\u00e7\u00e3o) \u2192 R$ 2.230,00\/2.240,00 por saca (est\u00e1vel) Vit\u00f3ria (conilon tipo 7) \u2192 R$ 2.085,00\/2.095,00 por saca (\u2191 R$ 10)<\/li>\n<\/ul>\n<\/div>\n<div>\n<h2 class=\"wp-block-heading\" id=\"h-estoques-certificados-em-queda\">Estoques certificados em queda<\/h2>\n<p>Os estoques certificados de caf\u00e9 ar\u00e1bica na ICE Futures US ca\u00edram para 902.995 sacas de 60 kg, uma redu\u00e7\u00e3o de 24.655 sacas em rela\u00e7\u00e3o ao dia anterior, refor\u00e7ando um cen\u00e1rio de oferta limitada no mercado global.<\/p>\n<h2 class=\"wp-block-heading\" id=\"h-nova-york-impulsiona-precos\">Nova York impulsiona pre\u00e7os<\/h2>\n<p>Os contratos de mar\u00e7o\/2025 registram alta de 0,54%, cotados a 368,55 centavos de d\u00f3lar por libra-peso. Na quarta-feira, o contrato fechou em 366,50 centavos, avan\u00e7ando 9,05 centavos (+2,53%), sustentado por estoques baixos e preocupa\u00e7\u00f5es clim\u00e1ticas.<\/p>\n<p>O cen\u00e1rio segue positivo para os pre\u00e7os, com fundamentos s\u00f3lidos no mercado global e perspectivas de novos ajustes nos valores nos pr\u00f3ximos dias.<\/p>\n<\/p><\/div>\n<p><br \/>\n<br \/><a href=\"https:\/\/www.canalrural.com.br\/agricultura\/cafe-mercado-brasileiro-deve-ter-negociacoes-mais-aquecidas\/\">Source link <\/a><\/p>\n","protected":false},"excerpt":{"rendered":"<p>O mercado f\u00edsico brasileiro de caf\u00e9 deve ter uma quinta-feira (30) mais movimentada, com pre\u00e7os firmes acompanhando a valoriza\u00e7\u00e3o do<\/p>\n","protected":false},"author":1,"featured_media":6955,"comment_status":"open","ping_status":"open","sticky":false,"template":"","format":"standard","meta":{"_monsterinsights_skip_tracking":false,"_monsterinsights_sitenote_active":false,"_monsterinsights_sitenote_note":"","_monsterinsights_sitenote_category":0,"_uf_show_specific_survey":0,"_uf_disable_surveys":false,"footnotes":""},"categories":[1],"tags":[],"class_list":["post-8797","post","type-post","status-publish","format-standard","has-post-thumbnail","hentry","category-news"],"_links":{"self":[{"href":"https:\/\/agromt.news\/index.php?rest_route=\/wp\/v2\/posts\/8797"}],"collection":[{"href":"https:\/\/agromt.news\/index.php?rest_route=\/wp\/v2\/posts"}],"about":[{"href":"https:\/\/agromt.news\/index.php?rest_route=\/wp\/v2\/types\/post"}],"author":[{"embeddable":true,"href":"https:\/\/agromt.news\/index.php?rest_route=\/wp\/v2\/users\/1"}],"replies":[{"embeddable":true,"href":"https:\/\/agromt.news\/index.php?rest_route=%2Fwp%2Fv2%2Fcomments&post=8797"}],"version-history":[{"count":0,"href":"https:\/\/agromt.news\/index.php?rest_route=\/wp\/v2\/posts\/8797\/revisions"}],"wp:featuredmedia":[{"embeddable":true,"href":"https:\/\/agromt.news\/index.php?rest_route=\/wp\/v2\/media\/6955"}],"wp:attachment":[{"href":"https:\/\/agromt.news\/index.php?rest_route=%2Fwp%2Fv2%2Fmedia&parent=8797"}],"wp:term":[{"taxonomy":"category","embeddable":true,"href":"https:\/\/agromt.news\/index.php?rest_route=%2Fwp%2Fv2%2Fcategories&post=8797"},{"taxonomy":"post_tag","embeddable":true,"href":"https:\/\/agromt.news\/index.php?rest_route=%2Fwp%2Fv2%2Ftags&post=8797"}],"curies":[{"name":"wp","href":"https:\/\/api.w.org\/{rel}","templated":true}]}}