{"id":8794,"date":"2025-01-30T10:10:35","date_gmt":"2025-01-30T14:10:35","guid":{"rendered":"https:\/\/agromt.news\/?p=8794"},"modified":"2025-01-30T10:10:35","modified_gmt":"2025-01-30T14:10:35","slug":"sp-reativa-camara-setorial-de-acucar-etanol-e-bioenergia","status":"publish","type":"post","link":"https:\/\/agromt.news\/?p=8794","title":{"rendered":"SP reativa C\u00e2mara Setorial de A\u00e7\u00facar, Etanol e Bioenergia"},"content":{"rendered":"<p> <br \/>\n<br \/><img decoding=\"async\" src=\"https:\/\/agromt.news\/wp-content\/uploads\/2025\/01\/desafios-e-tendencias-serao-debatidos-no-Cana-Summit-2025.jpg\" \/><\/p>\n<div>\n<p>A Secretaria de Agricultura e Abastecimento de S\u00e3o Paulo informou, em nota, que reativou a C\u00e2mara Setorial de A\u00e7\u00facar, Etanol e<strong><a href=\"https:\/\/www.canalrural.com.br\/tag\/bioenergia\/\"> Bioenergia<\/a><\/strong>. Al\u00e9m disso, empossou como presidente do colegiado Bruno Garcia, que \u00e9 representante da <strong><a href=\"https:\/\/www.canalrural.com.br\/tag\/orplana\/\">Organiza\u00e7\u00e3o de Associa\u00e7\u00f5es de Produtores de Cana do Brasil (Orplana)<\/a><\/strong> na c\u00e2mara.<\/p>\n<p>Segundo nota da pasta, a C\u00e2mara Setorial do segmento foi reativada ap\u00f3s tr\u00eas anos, com um plano de a\u00e7\u00e3o que visa o avan\u00e7o da cadeia produtiva de cana-de-a\u00e7\u00facar em S\u00e3o Paulo.<\/p>\n<p>O novo plano estrat\u00e9gico do colegiado inclui, entre outros itens, a reestrutura\u00e7\u00e3o do Programa Etanol Mais Verde, \u201cfundamental para promover pr\u00e1ticas sustent\u00e1veis, prevenir inc\u00eandios e ampliar a regulariza\u00e7\u00e3o ambiental por meio de ferramentas como o Cadastro Ambiental Rural (CAR) e o Programa de Regulariza\u00e7\u00e3o Ambiental (PRA)\u201d, diz a secretaria na nota.<\/p>\n<\/div>\n<div>\n<ul class=\"wp-block-list\">\n<li>Veja em primeira m\u00e3o tudo sobre agricultura, pecu\u00e1ria, economia e previs\u00e3o do tempo: siga o Canal Rural no Google News!<\/li>\n<\/ul>\n<p>A secretaria informou, al\u00e9m disso, que anunciou outras medidas para o setor sucroenerg\u00e9tico, como procedimentos para licenciamento ambiental visando facilitar a gera\u00e7\u00e3o de biog\u00e1s e biometano nas propriedades agr\u00edcolas, a san\u00e7\u00e3o do projeto de isen\u00e7\u00e3o de IPVA para ve\u00edculos h\u00edbridos flex e a cria\u00e7\u00e3o da Coordenadoria de Transi\u00e7\u00e3o Energ\u00e9tica.<\/p>\n<\/p><\/div>\n<p><br \/>\n<br \/><a href=\"https:\/\/www.canalrural.com.br\/agricultura\/secretaria-da-agricultura-de-sp-reativa-camara-setorial-de-acucar-etanol-e-bioenergia\/\">Source link <\/a><\/p>\n","protected":false},"excerpt":{"rendered":"<p>A Secretaria de Agricultura e Abastecimento de S\u00e3o Paulo informou, em nota, que reativou a C\u00e2mara Setorial de A\u00e7\u00facar, Etanol<\/p>\n","protected":false},"author":1,"featured_media":8348,"comment_status":"open","ping_status":"open","sticky":false,"template":"","format":"standard","meta":{"_monsterinsights_skip_tracking":false,"_monsterinsights_sitenote_active":false,"_monsterinsights_sitenote_note":"","_monsterinsights_sitenote_category":0,"_uf_show_specific_survey":0,"_uf_disable_surveys":false,"footnotes":""},"categories":[1],"tags":[],"class_list":["post-8794","post","type-post","status-publish","format-standard","has-post-thumbnail","hentry","category-news"],"_links":{"self":[{"href":"https:\/\/agromt.news\/index.php?rest_route=\/wp\/v2\/posts\/8794"}],"collection":[{"href":"https:\/\/agromt.news\/index.php?rest_route=\/wp\/v2\/posts"}],"about":[{"href":"https:\/\/agromt.news\/index.php?rest_route=\/wp\/v2\/types\/post"}],"author":[{"embeddable":true,"href":"https:\/\/agromt.news\/index.php?rest_route=\/wp\/v2\/users\/1"}],"replies":[{"embeddable":true,"href":"https:\/\/agromt.news\/index.php?rest_route=%2Fwp%2Fv2%2Fcomments&post=8794"}],"version-history":[{"count":0,"href":"https:\/\/agromt.news\/index.php?rest_route=\/wp\/v2\/posts\/8794\/revisions"}],"wp:featuredmedia":[{"embeddable":true,"href":"https:\/\/agromt.news\/index.php?rest_route=\/wp\/v2\/media\/8348"}],"wp:attachment":[{"href":"https:\/\/agromt.news\/index.php?rest_route=%2Fwp%2Fv2%2Fmedia&parent=8794"}],"wp:term":[{"taxonomy":"category","embeddable":true,"href":"https:\/\/agromt.news\/index.php?rest_route=%2Fwp%2Fv2%2Fcategories&post=8794"},{"taxonomy":"post_tag","embeddable":true,"href":"https:\/\/agromt.news\/index.php?rest_route=%2Fwp%2Fv2%2Ftags&post=8794"}],"curies":[{"name":"wp","href":"https:\/\/api.w.org\/{rel}","templated":true}]}}