{"id":8789,"date":"2025-01-30T08:22:06","date_gmt":"2025-01-30T12:22:06","guid":{"rendered":"https:\/\/agromt.news\/?p=8789"},"modified":"2025-01-30T08:22:06","modified_gmt":"2025-01-30T12:22:06","slug":"fortalecimento-da-embrapa-e-reestruturacao-do-inmet-sao-debatidos-no-governo","status":"publish","type":"post","link":"https:\/\/agromt.news\/?p=8789","title":{"rendered":"Fortalecimento da Embrapa e reestrutura\u00e7\u00e3o do Inmet s\u00e3o debatidos no governo"},"content":{"rendered":"<p> <br \/>\n<br \/><img decoding=\"async\" src=\"https:\/\/agromt.news\/wp-content\/uploads\/2025\/01\/Fortalecimento-da-Embrapa-e-reestruturacao-do-Inmet-sao-debatidos-no.jpeg\" \/><\/p>\n<div>\n<p>O ministro da Agricultura e Pecu\u00e1ria, Carlos F\u00e1varo, reuniu-se com a ministra da Gest\u00e3o e da Inova\u00e7\u00e3o em Servi\u00e7os P\u00fablicos, Esther Dweck e conversaram sobre o aprimoramento da gest\u00e3o, como a reestrutura\u00e7\u00e3o do <strong><a href=\"https:\/\/www.canalrural.com.br\/tag\/inmet\/\">Instituto Nacional de Meteorologia (Inmet)<\/a><\/strong>.<\/p>\n<p>Durante o encontro tamb\u00e9m foi debatido o fortalecimento da <strong><a href=\"https:\/\/www.canalrural.com.br\/tag\/embrapa\/\">Empresa Brasileira de Pesquisa Agropecu\u00e1ria (Embrapa)<\/a><\/strong>. \u201c\u00c9 uma institui\u00e7\u00e3o crucial na produ\u00e7\u00e3o de alimentos e que requer nosso cont\u00ednuo apoio. Tenho plena confian\u00e7a de que o Minist\u00e9rio da Gest\u00e3o continuar\u00e1 sendo um grande parceiro do Minist\u00e9rio da Agricultura, trabalhando juntos para modernizar e otimizar a estrutura da m\u00e1quina p\u00fablica\u201d, disse F\u00e1varo.<\/p>\n<p>A reuni\u00e3o serviu para realizar ajustes estrat\u00e9gicos no Minist\u00e9rio da Agricultura, visando garantir a efici\u00eancia e as entregas programadas para 2025. Umas das ideias \u00e9 a inclus\u00e3o do Inmet como secretaria destacou o ministro.<\/p>\n<p>Em novembro de 2024, durante a comemora\u00e7\u00e3o dos 115 anos do Inmet, o ministro F\u00e1varo lan\u00e7ou o novo Planejamento Estrat\u00e9gico para o per\u00edodo 2025-2031 do Instituto. O novo planejamento tem por objetivo tr\u00eas pontos principais:<\/p>\n<ul class=\"wp-block-list\">\n<li>A amplia\u00e7\u00e3o da utiliza\u00e7\u00e3o de dados meteorol\u00f3gicos na agropecu\u00e1ria e no suporte \u00e0 tomada de decis\u00e3o no campo;<\/li>\n<\/ul>\n<\/div>\n<div>\n<ul class=\"wp-block-list\">\n<li>A reformula\u00e7\u00e3o da comunica\u00e7\u00e3o dos produtos e servi\u00e7os prestados pelo Inmet;<\/li>\n<\/ul>\n<ul class=\"wp-block-list\">\n<li>O fortalecimento da pesquisa aplicada e a inova\u00e7\u00e3o dos processos e servi\u00e7os.<\/li>\n<\/ul>\n<p>O planejamento foi elaborado com apoio t\u00e9cnico da Ag\u00eancia de Internacionaliza\u00e7\u00e3o e de Inova\u00e7\u00e3o da Universidade Federal de Mato Grosso do Sul (Aginova\/UFMS).<\/p>\n<p>Ainda est\u00e1 prevista a incorpora\u00e7\u00e3o de 80 novos servidores, selecionados pelo Concurso P\u00fablico Nacional Unificado (CNU), para renovar o quadro de servidores do Inmet e potencializar novas entregas.<\/p>\n<p>No in\u00edcio de 2025, tamb\u00e9m foi publicada, no Di\u00e1rio Oficial da Uni\u00e3o, a Portaria n\u00ba 752, que aprova a Pol\u00edtica de Inova\u00e7\u00e3o do Instituto Nacional de Meteorologia (Inmet). A medida tem como objetivo aumentar as oportunidades de coordena\u00e7\u00e3o e o alinhamento das a\u00e7\u00f5es do Instituto em rela\u00e7\u00e3o \u00e0 inova\u00e7\u00e3o, com foco na apropria\u00e7\u00e3o e desenvolvimento de novas tecnologias, produtos, processos e servi\u00e7os meteorol\u00f3gicos, que atendam \u00e0s necessidades do setor produtivo e da sociedade.<\/p>\n<\/p><\/div>\n<p><br \/>\n<br \/><a href=\"https:\/\/www.canalrural.com.br\/politica\/fortalecimento-da-embrapa-e-reestruturacao-do-inmet-sao-debatidos-no-governo\/\">Source link <\/a><\/p>\n","protected":false},"excerpt":{"rendered":"<p>O ministro da Agricultura e Pecu\u00e1ria, Carlos F\u00e1varo, reuniu-se com a ministra da Gest\u00e3o e da Inova\u00e7\u00e3o em Servi\u00e7os P\u00fablicos,<\/p>\n","protected":false},"author":1,"featured_media":8790,"comment_status":"open","ping_status":"open","sticky":false,"template":"","format":"standard","meta":{"_monsterinsights_skip_tracking":false,"_monsterinsights_sitenote_active":false,"_monsterinsights_sitenote_note":"","_monsterinsights_sitenote_category":0,"_uf_show_specific_survey":0,"_uf_disable_surveys":false,"footnotes":""},"categories":[1],"tags":[],"class_list":["post-8789","post","type-post","status-publish","format-standard","has-post-thumbnail","hentry","category-news"],"_links":{"self":[{"href":"https:\/\/agromt.news\/index.php?rest_route=\/wp\/v2\/posts\/8789"}],"collection":[{"href":"https:\/\/agromt.news\/index.php?rest_route=\/wp\/v2\/posts"}],"about":[{"href":"https:\/\/agromt.news\/index.php?rest_route=\/wp\/v2\/types\/post"}],"author":[{"embeddable":true,"href":"https:\/\/agromt.news\/index.php?rest_route=\/wp\/v2\/users\/1"}],"replies":[{"embeddable":true,"href":"https:\/\/agromt.news\/index.php?rest_route=%2Fwp%2Fv2%2Fcomments&post=8789"}],"version-history":[{"count":0,"href":"https:\/\/agromt.news\/index.php?rest_route=\/wp\/v2\/posts\/8789\/revisions"}],"wp:featuredmedia":[{"embeddable":true,"href":"https:\/\/agromt.news\/index.php?rest_route=\/wp\/v2\/media\/8790"}],"wp:attachment":[{"href":"https:\/\/agromt.news\/index.php?rest_route=%2Fwp%2Fv2%2Fmedia&parent=8789"}],"wp:term":[{"taxonomy":"category","embeddable":true,"href":"https:\/\/agromt.news\/index.php?rest_route=%2Fwp%2Fv2%2Fcategories&post=8789"},{"taxonomy":"post_tag","embeddable":true,"href":"https:\/\/agromt.news\/index.php?rest_route=%2Fwp%2Fv2%2Ftags&post=8789"}],"curies":[{"name":"wp","href":"https:\/\/api.w.org\/{rel}","templated":true}]}}