{"id":8788,"date":"2025-01-30T08:07:40","date_gmt":"2025-01-30T12:07:40","guid":{"rendered":"https:\/\/agromt.news\/?p=8788"},"modified":"2025-01-30T08:07:40","modified_gmt":"2025-01-30T12:07:40","slug":"otimizacao-das-manobras-na-colheita-de-cana-de-acucar","status":"publish","type":"post","link":"https:\/\/agromt.news\/?p=8788","title":{"rendered":"Otimiza\u00e7\u00e3o das manobras na colheita de cana-de-a\u00e7\u00facar"},"content":{"rendered":"<p> <br \/>\n<\/p>\n<div>\n<div class=\"row\">\n<div class=\"col-lg col-infos mt-3 mt-lg-0\">\n<div class=\"container\">\n<div class=\"row\">\n<div class=\"col-lg p-0\">\n<div>\n<div class=\"block-news-main-infos mt-3 text-start\">\n<p>                                            <strong class=\"fn\" itemprop=\"author\" style=\"color: rgb(112, 112, 112); \">&#13;<br \/>\n                                                <a href=\"https:\/\/www.agrolink.com.br\/noticias\/javascript:;\" class=\"text-uppercase\" target=\"_blank\" style=\"color: rgb(112, 112, 112); \" rel=\"noopener\">Agrolink<\/a>&#13;<br \/>\n&#13;<br \/>\n                                                    &#8211; Leonardo Gottems&#13;<br \/>\n&#13;<br \/>\n                                            <\/strong><br \/>\n                                        <\/p>\n<p>                                            <abbr><time datetime=\"2025-01-30T06:39\" itemprop=\"datePublished dateModified\">Publicado em 30\/01\/2025 \u00e0s 06:39h.<\/time><\/abbr><br \/>\n                                            <\/p><\/div>\n<\/p><\/div>\n<\/p><\/div>\n<div class=\"col-lg p-0 text-lg-end\">\n<div>\n<div id=\"mdEnviarPagina\" class=\"modal fade\" role=\"dialog\">\n<div class=\"modal-dialog\">\n<div class=\"modal-content\">\n<div class=\"modal-body\">\n<p><strong>Estimado usu\u00e1rio.<\/strong><br \/>Preencha o formul\u00e1rio abaixo para remeter a p\u00e1gina.<\/p>\n<\/p><\/div>\n<\/p><\/div>\n<\/p><\/div>\n<\/div><\/div>\n<\/p><\/div>\n<\/p><\/div>\n<\/p><\/div>\n<\/p><\/div>\n<\/p><\/div>\n<div class=\"row justify-content-md-center mt-3\">\n<div class=\"col-lg-auto col-image  block-news-main-image d-none d-md-block\">\n<p>                                <img decoding=\"async\" src=\"https:\/\/www.agrolink.com.br\/upload\/imagens-resizes\/0c55557388e344b98dcb77520343fe94_858x483.jpg\" class=\"lazyload \" alt=\"A pesquisa revelou que as melhorias nas manobras desses ve\u00edculos resultaram em um aumento consider\u00e1vel na produtividade da colheita\"\/><br \/>\n                                                <span class=\"d-block mt-1\">A pesquisa revelou que as melhorias nas manobras desses ve\u00edculos resultaram em um aumento consider\u00e1vel na produtividade da colheita &#8211; Foto: Divulga\u00e7\u00e3o<\/span><\/p><\/div>\n<\/p><\/div>\n<div class=\"section-description section-description-noticias mt-3\">\n<p>O Laborat\u00f3rio de M\u00e1quinas e Mecaniza\u00e7\u00e3o Agr\u00edcola (LAMMA) anunciou, no in\u00edcio de 2025, a publica\u00e7\u00e3o do artigo &#8220;Optimization of Auxiliary Vehicle Maneuvering in Mechanized Sugarcane Harvesting: Productivity and Sustainability&#8221; na revista cient\u00edfica AgriEngineering (2025, 7(2), 25). O estudo foi conduzido pelo Rouverson Silva Research Group, composto por uma equipe de especialistas, e focou na otimiza\u00e7\u00e3o das manobras de ve\u00edculos auxiliares, como os vag\u00f5es transbordo, durante a colheita mecanizada da <a href=\"https:\/\/www.agrolink.com.br\/culturas\/cana-de-acucar\/?utm_source=agrolink-detalhe-noticia&amp;utm_medium=detalhe-noticia&amp;utm_campaign=links-internos\" target=\"_blank\" rel=\"noopener\">cana-de-a\u00e7\u00facar<\/a>.&#13;\n<\/p>\n<p>A pesquisa revelou que as melhorias nas manobras desses ve\u00edculos resultaram em um aumento consider\u00e1vel na produtividade da colheita, ao mesmo tempo em que contribu\u00edram para a redu\u00e7\u00e3o da compacta\u00e7\u00e3o do solo, um problema frequente em \u00e1reas com intensa movimenta\u00e7\u00e3o de m\u00e1quinas. O estudo tamb\u00e9m demonstrou que a ado\u00e7\u00e3o de t\u00e9cnicas otimizadas, especialmente em terrenos planos, proporcionou um retorno econ\u00f4mico mais favor\u00e1vel, aliado a um impacto ambiental reduzido. Esses resultados destacam a relev\u00e2ncia de conciliar efici\u00eancia operacional com pr\u00e1ticas sustent\u00e1veis no setor agr\u00edcola.&#13;\n<\/p>\n<p>O trabalho foi assinado por L\u00edgia Negri Corr\u00eaa, Ad\u00e3o Felipe dos Santos, Carlos Eduardo Angeli Furlani, Glauco de Souza Rolim, Igor Cristian de Oliveira Vieira, Breno dos Santos Silva, Frederico Luiz Siansi e Rouverson Pereira da Silva. A publica\u00e7\u00e3o est\u00e1 dispon\u00edvel na edi\u00e7\u00e3o 7(2) de AgriEngineering de 2025 e representa um avan\u00e7o significativo nas pr\u00e1ticas de mecaniza\u00e7\u00e3o agr\u00edcola, com um impacto direto na produtividade e na sustentabilidade das opera\u00e7\u00f5es de colheita de cana-de-a\u00e7\u00facar.<br \/>&#13;<br \/>\n\u00a0&#13;\n<\/p>\n<\/p><\/div>\n<\/p><\/div>\n<p><script data-cfasync=\"false\">\n    !function (f, b, e, v, n, t, s) {\n        if (f.fbq) return; n = f.fbq = function () {\n            n.callMethod ?\n                n.callMethod.apply(n, arguments) : n.queue.push(arguments)\n        };\n        if (!f._fbq) f._fbq = n; n.push = n; n.loaded = !0; n.version = '2.0';\n        n.queue = []; t = b.createElement(e); t.async = !0;\n        t.src = v; s = b.getElementsByTagName(e)[0];\n        s.parentNode.insertBefore(t, s)\n    }(window, document, 'script',\n        'https:\/\/connect.facebook.net\/en_US\/fbevents.js');\n    fbq('init', '522546078623747');\n    fbq('track', 'PageView');\n<\/script><br \/>\n<br \/><br \/>\n<br \/><a href=\"https:\/\/www.agrolink.com.br\/noticias\/otimizacao-das-manobras-na-colheita-de-cana-de-acucar_498872.html\">Source link <\/a><\/p>\n","protected":false},"excerpt":{"rendered":"<p>&#13; Agrolink&#13; &#13; &#8211; Leonardo Gottems&#13; &#13; Publicado em 30\/01\/2025 \u00e0s 06:39h. Estimado usu\u00e1rio.Preencha o formul\u00e1rio abaixo para remeter a<\/p>\n","protected":false},"author":1,"featured_media":5407,"comment_status":"open","ping_status":"open","sticky":false,"template":"","format":"standard","meta":{"_monsterinsights_skip_tracking":false,"_monsterinsights_sitenote_active":false,"_monsterinsights_sitenote_note":"","_monsterinsights_sitenote_category":0,"_uf_show_specific_survey":0,"_uf_disable_surveys":false,"footnotes":""},"categories":[8,1,14],"tags":[],"class_list":["post-8788","post","type-post","status-publish","format-standard","has-post-thumbnail","hentry","category-agro","category-news","category-politica-agro"],"_links":{"self":[{"href":"https:\/\/agromt.news\/index.php?rest_route=\/wp\/v2\/posts\/8788"}],"collection":[{"href":"https:\/\/agromt.news\/index.php?rest_route=\/wp\/v2\/posts"}],"about":[{"href":"https:\/\/agromt.news\/index.php?rest_route=\/wp\/v2\/types\/post"}],"author":[{"embeddable":true,"href":"https:\/\/agromt.news\/index.php?rest_route=\/wp\/v2\/users\/1"}],"replies":[{"embeddable":true,"href":"https:\/\/agromt.news\/index.php?rest_route=%2Fwp%2Fv2%2Fcomments&post=8788"}],"version-history":[{"count":0,"href":"https:\/\/agromt.news\/index.php?rest_route=\/wp\/v2\/posts\/8788\/revisions"}],"wp:featuredmedia":[{"embeddable":true,"href":"https:\/\/agromt.news\/index.php?rest_route=\/wp\/v2\/media\/5407"}],"wp:attachment":[{"href":"https:\/\/agromt.news\/index.php?rest_route=%2Fwp%2Fv2%2Fmedia&parent=8788"}],"wp:term":[{"taxonomy":"category","embeddable":true,"href":"https:\/\/agromt.news\/index.php?rest_route=%2Fwp%2Fv2%2Fcategories&post=8788"},{"taxonomy":"post_tag","embeddable":true,"href":"https:\/\/agromt.news\/index.php?rest_route=%2Fwp%2Fv2%2Ftags&post=8788"}],"curies":[{"name":"wp","href":"https:\/\/api.w.org\/{rel}","templated":true}]}}