{"id":8782,"date":"2025-01-30T04:37:30","date_gmt":"2025-01-30T08:37:30","guid":{"rendered":"https:\/\/agromt.news\/?p=8782"},"modified":"2025-01-30T04:37:30","modified_gmt":"2025-01-30T08:37:30","slug":"perspectiva-para-ano-que-se-inicia-e-positiva-diz-autoridade-do-fed","status":"publish","type":"post","link":"https:\/\/agromt.news\/?p=8782","title":{"rendered":"Perspectiva para ano que se inicia \u00e9 positiva, diz autoridade do Fed"},"content":{"rendered":"<p> <br \/>\n<\/p>\n<div>\n<div class=\"materia\">\n<p><img decoding=\"async\" alt=\"Logotipo Reuters\" height=\"22\" src=\"https:\/\/cdn.noticiasagricolas.com.br\/dbimagens\/0f687b0f35da9d220b6477534ce7c667.gif\" width=\"71\"\/><\/p>\n<p><img decoding=\"async\" alt=\"\" src=\"https:\/\/rmb.reuters.com\/rmd\/rss\/content\/tag:reuters.com,2025:newsml_LYNXMPEL020KE:1\/tag:reuters.com,2025:binary_LYNXMPEL020KE-VIEWIMAGE\"\/>Por Howard Schneider<\/p>\n<p>BALTIMORE (Reuters) &#8211; A perspectiva para a economia dos Estados Unidos em 2025 \u00e9 positiva, com mais chances de alta do que de baixa para o crescimento, apesar da incerteza sobre o impacto do com\u00e9rcio e de outras pol\u00edticas que podem ser adotadas pelo novo governo Trump, disse o presidente do Fed de Richmond, Thomas Barkin, nesta sexta-feira.<\/p>\n<p>&#8220;A forma como a incerteza da pol\u00edtica econ\u00f4mica ser\u00e1 resolvida ser\u00e1 importante. Mas, com o que sabemos hoje, espero mais vantagens do que desvantagens em termos de crescimento&#8221;, disse Barkin em coment\u00e1rios \u00e0 Associa\u00e7\u00e3o de Banc\u00e1rios de Maryland, com potencialmente &#8220;mais risco do lado da infla\u00e7\u00e3o&#8221;, se, por exemplo, as contrata\u00e7\u00f5es se fortalecerem.<\/p>\n<p>Com empresas otimistas e consumidores ainda gastando, Barkin disse achar que o mercado de trabalho &#8220;est\u00e1 mais propenso a se voltar para a contrata\u00e7\u00e3o do que para a demiss\u00e3o&#8221;.<\/p>\n<p>Os mercados financeiros tamb\u00e9m parecem estar mais confiantes, com menos incertezas, um alinhamento com a perspectiva do Fed de um ritmo mais lento de cortes na taxa b\u00e1sica no pr\u00f3ximo ano e uma aceita\u00e7\u00e3o de que os juros de longo prazo &#8220;provavelmente n\u00e3o cair\u00e3o tanto quanto alguns esperavam&#8221;, disse Barkin, que n\u00e3o votar\u00e1 este ano na pol\u00edtica de juros do Fed.<\/p>\n<p>O Fed reduziu sua taxa de juros de refer\u00eancia em 0,25 ponto percentual na reuni\u00e3o de dezembro e reduziu a taxa em 1 ponto percentual em suas tr\u00eas \u00faltimas reuni\u00f5es de 2024.<\/p>\n<p>Mas com o progresso em rela\u00e7\u00e3o \u00e0 infla\u00e7\u00e3o estagnado e d\u00favidas sobre como as pol\u00edticas comercial, tribut\u00e1ria e de imigra\u00e7\u00e3o do novo presidente Donald Trump podem afetar a economia, autoridades do Fed tamb\u00e9m projetaram que a taxa de refer\u00eancia cairia apenas mais 0,50 ponto percentual este ano.<\/p>\n<\/p><\/div>\n<div class=\"grupo-whatsapp\">\n      J\u00e1 segue nosso Canal oficial no WhatsApp? <a href=\"https:\/\/bit.ly\/Canal_NA\" target=\"_blank\" rel=\"noopener\"><strong>Clique Aqui<\/strong><\/a> para receber em primeira m\u00e3o as principais not\u00edcias do agroneg\u00f3cio\n    <\/div>\n<\/p><\/div>\n<p><script async defer src=\"https:\/\/connect.facebook.net\/en_US\/sdk.js\" type=\"cb7c3ab9f4ddc9da548140fb-text\/javascript\"><\/script><script type=\"cb7c3ab9f4ddc9da548140fb-text\/javascript\">\n  !function(f,b,e,v,n,t,s)\n  {if(f.fbq)return;n=f.fbq=function(){n.callMethod?\n    n.callMethod.apply(n,arguments):n.queue.push(arguments)};\n    if(!f._fbq)f._fbq=n;n.push=n;n.loaded=!0;n.version='2.0';\n    n.queue=[];t=b.createElement(e);t.async=!0;\n    t.src=v;s=b.getElementsByTagName(e)[0];\n    s.parentNode.insertBefore(t,s)}(window, document,'script',\n    'https:\/\/connect.facebook.net\/en_US\/fbevents.js');\n  fbq('init', '153495679422335');\n  fbq('track', 'PageView');\n<\/script><br \/>\n<br \/><br \/>\n<br \/><a href=\"https:\/\/www.noticiasagricolas.com.br\/noticias\/politica-economia\/391608-perspectiva-para-ano-que-se-inicia-e-positiva-diz-autoridade-do-fed.html\">Source link <\/a><\/p>\n","protected":false},"excerpt":{"rendered":"<p>Por Howard Schneider BALTIMORE (Reuters) &#8211; A perspectiva para a economia dos Estados Unidos em 2025 \u00e9 positiva, com mais<\/p>\n","protected":false},"author":1,"featured_media":8783,"comment_status":"open","ping_status":"open","sticky":false,"template":"","format":"standard","meta":{"_monsterinsights_skip_tracking":false,"_monsterinsights_sitenote_active":false,"_monsterinsights_sitenote_note":"","_monsterinsights_sitenote_category":0,"_uf_show_specific_survey":0,"_uf_disable_surveys":false,"footnotes":""},"categories":[8,1,14,16],"tags":[],"class_list":["post-8782","post","type-post","status-publish","format-standard","has-post-thumbnail","hentry","category-agro","category-news","category-politica-agro","category-safra"],"_links":{"self":[{"href":"https:\/\/agromt.news\/index.php?rest_route=\/wp\/v2\/posts\/8782"}],"collection":[{"href":"https:\/\/agromt.news\/index.php?rest_route=\/wp\/v2\/posts"}],"about":[{"href":"https:\/\/agromt.news\/index.php?rest_route=\/wp\/v2\/types\/post"}],"author":[{"embeddable":true,"href":"https:\/\/agromt.news\/index.php?rest_route=\/wp\/v2\/users\/1"}],"replies":[{"embeddable":true,"href":"https:\/\/agromt.news\/index.php?rest_route=%2Fwp%2Fv2%2Fcomments&post=8782"}],"version-history":[{"count":0,"href":"https:\/\/agromt.news\/index.php?rest_route=\/wp\/v2\/posts\/8782\/revisions"}],"wp:featuredmedia":[{"embeddable":true,"href":"https:\/\/agromt.news\/index.php?rest_route=\/wp\/v2\/media\/8783"}],"wp:attachment":[{"href":"https:\/\/agromt.news\/index.php?rest_route=%2Fwp%2Fv2%2Fmedia&parent=8782"}],"wp:term":[{"taxonomy":"category","embeddable":true,"href":"https:\/\/agromt.news\/index.php?rest_route=%2Fwp%2Fv2%2Fcategories&post=8782"},{"taxonomy":"post_tag","embeddable":true,"href":"https:\/\/agromt.news\/index.php?rest_route=%2Fwp%2Fv2%2Ftags&post=8782"}],"curies":[{"name":"wp","href":"https:\/\/api.w.org\/{rel}","templated":true}]}}