{"id":8779,"date":"2025-01-30T02:37:34","date_gmt":"2025-01-30T06:37:34","guid":{"rendered":"https:\/\/agromt.news\/?p=8779"},"modified":"2025-01-30T02:37:34","modified_gmt":"2025-01-30T06:37:34","slug":"apos-denuncias-mapa-divulga-plano-de-combate-ao-assedio-a-fiscais-federais-agropecuarios","status":"publish","type":"post","link":"https:\/\/agromt.news\/?p=8779","title":{"rendered":"Ap\u00f3s den\u00fancias, Mapa divulga plano de combate ao ass\u00e9dio a fiscais federais agropecu\u00e1rios"},"content":{"rendered":"<p> <br \/>\n<br \/><img decoding=\"async\" src=\"https:\/\/agromt.news\/wp-content\/uploads\/2025\/01\/Apos-denuncias-Mapa-divulga-plano-de-combate-ao-assedio-a.jpg\" \/><\/p>\n<div>\n<p>O Minist\u00e9rio da Agricultura e Pecu\u00e1ria <strong><a href=\"https:\/\/www.canalrural.com.br\/tag\/mapa\/\">(Mapa)<\/a><\/strong> reuniu em um plano setorial as diretrizes para a preven\u00e7\u00e3o e o encaminhamento de situa\u00e7\u00f5es de ass\u00e9dio moral contra servidores.<\/p>\n<p>A a\u00e7\u00e3o ocorre ap\u00f3s articula\u00e7\u00e3o e den\u00fancias do Sindicato Nacional dos Auditores Fiscais Federais Agropecu\u00e1rios (Anffa Sindical) e foi publicada na edi\u00e7\u00e3o desta quarta-feira (29) do Di\u00e1rio Oficial da Uni\u00e3o. <\/p>\n<p>A portaria, institu\u00edda pela pasta, inclui tamb\u00e9m quest\u00f5es de <strong>discrimina\u00e7\u00e3o e importuna\u00e7\u00e3o sexual<\/strong>. Agora, a entidade pretende acompanhar a implementa\u00e7\u00e3o das a\u00e7\u00f5es, que s\u00e3o previstas ainda para 2025.<\/p>\n<p>A finalidade do plano \u201c\u00e9 atuar como uma ferramenta estrat\u00e9gica para consolidar um ambiente de trabalho \u00edntegro, equitativo e respeitoso\u201d aos profissionais da pasta, incluindo os auditores fiscais federais agropecu\u00e1rios.<\/p>\n<h2 class=\"wp-block-heading\" id=\"h-canal-de-denuncias-de-assedio\">Canal de den\u00fancias de ass\u00e9dio<\/h2>\n<p>O documento destaca a cria\u00e7\u00e3o de um canal para recep\u00e7\u00e3o das den\u00fancias, com estrat\u00e9gias de sigilo para prote\u00e7\u00e3o das v\u00edtimas e minimiza\u00e7\u00e3o dos riscos de retalia\u00e7\u00e3o. <\/p>\n<p>Poss\u00edveis penalidades e a nomea\u00e7\u00e3o de uma comiss\u00e3o para acolhimento e suporte aos servidores intimidados tamb\u00e9m s\u00e3o previstas no plano.<\/p>\n<\/div>\n<div>\n<p>De acordo com o presidente do Anffa Sindical, Janus Pablo Macedo, as den\u00fancias de ass\u00e9dio contra os auditores fiscais federais agropecu\u00e1rios vem crescendo nos \u00faltimos anos. <\/p>\n<p>Segundo ele, al\u00e9m de casos de intimida\u00e7\u00e3o, houve <strong>registros de viol\u00eancia<\/strong> e at\u00e9 um <strong>ataque a tiros<\/strong> a um alojamento onde um funcion\u00e1rio do Instituto de Defesa Agropecu\u00e1ria (Indea) e outro do Mapa estavam hospedados, em Mato Grosso, no in\u00edcio deste ano. <\/p>\n<p>Macedo destaca que as situa\u00e7\u00f5es foram denunciadas ao Minist\u00e9rio P\u00fablico Federal (MPF) e mostram a fragilidade dos servidores p\u00fablicos, al\u00e9m da necessidade de investimentos do governo federal na melhoria das condi\u00e7\u00f5es de trabalho e seguran\u00e7a dos profissionais da carreira.<\/p>\n<p>\u201cA publica\u00e7\u00e3o do Plano Setorial de Preven\u00e7\u00e3o e Enfrentamento do Ass\u00e9dio e da Discrimina\u00e7\u00e3o representa um avan\u00e7o significativo para a valoriza\u00e7\u00e3o e o bem-estar dos auditores fiscais federais agropecu\u00e1rios. Esta iniciativa demonstra um compromisso s\u00f3lido com a constru\u00e7\u00e3o de um ambiente de trabalho mais seguro, respeitoso e inclusivo, promovendo a dignidade e a equidade dentro da categoria [\u2026]\u201d, destacou Macedo.<\/p>\n<h2 class=\"wp-block-heading\" id=\"h-cronograma-de-acoes\">Cronograma de a\u00e7\u00f5es<\/h2>\n<p>O documento prev\u00ea, at\u00e9 dezembro deste ano, a capacita\u00e7\u00e3o de 70% dos servidores com ao menos um curso sobre o tema ass\u00e9dio e discrimina\u00e7\u00e3o. Tamb\u00e9m estabelece o treinamento de 80% das lideran\u00e7as em gest\u00e3o humanizada e preven\u00e7\u00e3o ao ass\u00e9dio.<\/p>\n<p>Al\u00e9m de campanhas educativas, at\u00e9 agosto dever\u00e1 ser criado um espa\u00e7o para atendimento e acolhimento das v\u00edtimas. J\u00e1 em dezembro, tamb\u00e9m s\u00e3o previstas parcerias com institui\u00e7\u00f5es p\u00fablicas e privadas para o tratamento adequado e humanizado das pessoas assediadas ou discriminadas.<\/p>\n<p>Com rela\u00e7\u00e3o \u00e0s den\u00fancias, a divulga\u00e7\u00e3o dos canais para as informa\u00e7\u00f5es, que poder\u00e3o ser prestadas pelas pr\u00f3prias v\u00edtimas, identificadas ou n\u00e3o, est\u00e1 prevista para julho. Pessoas que tenham conhecimento dos fatos tamb\u00e9m poder\u00e3o relat\u00e1-los ao canal Fala.Br, selecionando a op\u00e7\u00e3o \u201cOuvidoria Interna\u201d e o respectivo assunto, como \u201cass\u00e9dio sexual\u201d, \u201cass\u00e9dio moral\u201d ou \u201cdiscrimina\u00e7\u00e3o\u201d.<\/p>\n<\/p><\/div>\n<p><br \/>\n<br \/><a href=\"https:\/\/www.canalrural.com.br\/nacional\/mapa-divulga-plano-de-combate-ao-assedio-a-fiscais-federais-agropecuarios\/\">Source link <\/a><\/p>\n","protected":false},"excerpt":{"rendered":"<p>O Minist\u00e9rio da Agricultura e Pecu\u00e1ria (Mapa) reuniu em um plano setorial as diretrizes para a preven\u00e7\u00e3o e o encaminhamento<\/p>\n","protected":false},"author":1,"featured_media":8780,"comment_status":"open","ping_status":"open","sticky":false,"template":"","format":"standard","meta":{"_monsterinsights_skip_tracking":false,"_monsterinsights_sitenote_active":false,"_monsterinsights_sitenote_note":"","_monsterinsights_sitenote_category":0,"_uf_show_specific_survey":0,"_uf_disable_surveys":false,"footnotes":""},"categories":[1],"tags":[],"class_list":["post-8779","post","type-post","status-publish","format-standard","has-post-thumbnail","hentry","category-news"],"_links":{"self":[{"href":"https:\/\/agromt.news\/index.php?rest_route=\/wp\/v2\/posts\/8779"}],"collection":[{"href":"https:\/\/agromt.news\/index.php?rest_route=\/wp\/v2\/posts"}],"about":[{"href":"https:\/\/agromt.news\/index.php?rest_route=\/wp\/v2\/types\/post"}],"author":[{"embeddable":true,"href":"https:\/\/agromt.news\/index.php?rest_route=\/wp\/v2\/users\/1"}],"replies":[{"embeddable":true,"href":"https:\/\/agromt.news\/index.php?rest_route=%2Fwp%2Fv2%2Fcomments&post=8779"}],"version-history":[{"count":0,"href":"https:\/\/agromt.news\/index.php?rest_route=\/wp\/v2\/posts\/8779\/revisions"}],"wp:featuredmedia":[{"embeddable":true,"href":"https:\/\/agromt.news\/index.php?rest_route=\/wp\/v2\/media\/8780"}],"wp:attachment":[{"href":"https:\/\/agromt.news\/index.php?rest_route=%2Fwp%2Fv2%2Fmedia&parent=8779"}],"wp:term":[{"taxonomy":"category","embeddable":true,"href":"https:\/\/agromt.news\/index.php?rest_route=%2Fwp%2Fv2%2Fcategories&post=8779"},{"taxonomy":"post_tag","embeddable":true,"href":"https:\/\/agromt.news\/index.php?rest_route=%2Fwp%2Fv2%2Ftags&post=8779"}],"curies":[{"name":"wp","href":"https:\/\/api.w.org\/{rel}","templated":true}]}}