{"id":8770,"date":"2025-01-29T22:58:12","date_gmt":"2025-01-30T02:58:12","guid":{"rendered":"https:\/\/agromt.news\/?p=8770"},"modified":"2025-01-29T22:58:12","modified_gmt":"2025-01-30T02:58:12","slug":"pastagens-melhoram-com-chuvas-mas-acudes-seguem-baixos","status":"publish","type":"post","link":"https:\/\/agromt.news\/?p=8770","title":{"rendered":"Pastagens melhoram com chuvas, mas a\u00e7udes seguem baixos"},"content":{"rendered":"<p> <br \/>\n<\/p>\n<div>\n<div class=\"row\">\n<div class=\"col-lg col-infos mt-3 mt-lg-0\">\n<div class=\"section-sub-title\">\n<p itemprop=\"description\">&#13;<br \/>\n                                Calor e chuvas irregulares impactam pecu\u00e1ria de corte&#13;\n                            <\/p>\n<\/p><\/div>\n<div class=\"container\">\n<div class=\"row\">\n<div class=\"col-lg p-0\">\n<div>\n<div class=\"block-news-main-infos mt-3 text-start\">\n<p>                                            <strong class=\"fn\" itemprop=\"author\" style=\"color: rgb(112, 112, 112); \">&#13;<br \/>\n                                                <a href=\"https:\/\/www.agrolink.com.br\/noticias\/javascript:;\" class=\"text-uppercase\" target=\"_blank\" style=\"color: rgb(112, 112, 112); \" rel=\"noopener\">Agrolink<\/a>&#13;<br \/>\n&#13;<br \/>\n                                                    &#8211; Seane Lennon&#13;<br \/>\n&#13;<br \/>\n                                            <\/strong><br \/>\n                                        <\/p>\n<p>                                            <abbr><time datetime=\"2025-01-28T17:40\" itemprop=\"datePublished dateModified\">Publicado em 28\/01\/2025 \u00e0s 17:40h.<\/time><\/abbr><br \/>\n                                            <\/p><\/div>\n<\/p><\/div>\n<\/p><\/div>\n<div class=\"col-lg p-0 text-lg-end\">\n<div>\n<div id=\"mdEnviarPagina\" class=\"modal fade\" role=\"dialog\">\n<div class=\"modal-dialog\">\n<div class=\"modal-content\">\n<div class=\"modal-body\">\n<p><strong>Estimado usu\u00e1rio.<\/strong><br \/>Preencha o formul\u00e1rio abaixo para remeter a p\u00e1gina.<\/p>\n<\/p><\/div>\n<\/p><\/div>\n<\/p><\/div>\n<\/div><\/div>\n<\/p><\/div>\n<\/p><\/div>\n<\/p><\/div>\n<\/p><\/div>\n<\/p><\/div>\n<div class=\"row justify-content-md-center mt-3\">\n<div class=\"col-lg-auto col-image  block-news-main-image d-none d-md-block\">\n<p>                                <img decoding=\"async\" src=\"https:\/\/www.agrolink.com.br\/upload\/imagens-resizes\/084a05543d3a4ac4b743162d486a8143_858x483.jpg\" class=\"lazyload \"\/><br \/>\n                                                <span class=\"publicity-photo d-block mt-1\">Foto: Alexandre Teixeira<\/span><\/p><\/div>\n<\/p><\/div>\n<div class=\"section-description section-description-noticias mt-3\">\n<p style=\"text-align:justify\">De acordo com o Informativo Conjuntural divulgado pela Emater\/RS-Ascar na \u00faltima quinta-feira (23), as altas temperaturas das \u00faltimas semanas trouxeram desafios para a bovinocultura de corte no Rio Grande do Sul. O calor intenso afetou o conforto t\u00e9rmico dos animais, mas, em algumas regi\u00f5es, as chuvas recentes aliviaram parcialmente a situa\u00e7\u00e3o, permitindo a retomada da aduba\u00e7\u00e3o em cobertura e amenizando os impactos nas pastagens.&#13;\n<\/p>\n<p style=\"text-align:justify\"><strong>Situa\u00e7\u00e3o por regi\u00f5es administrativas<\/strong><\/p>\n<ul>&#13;<\/p>\n<li style=\"text-align: justify;\"><strong>Bag\u00e9: <\/strong>As chuvas interromperam a estagna\u00e7\u00e3o no crescimento das pastagens nativas e cultivadas. Entretanto, na Fronteira Oeste, os a\u00e7udes e fontes de \u00e1gua continuam baixos em muitas localidades. Apesar disso, o estado corporal do rebanho \u00e9 satisfat\u00f3rio.<\/li>\n<p>&#13;<\/p>\n<li style=\"text-align: justify;\"><strong>Caxias do Sul: <\/strong>A integra\u00e7\u00e3o lavoura-pecu\u00e1ria tem substitu\u00eddo \u00e1reas de pastagens por cultivos de soja e milho. Os rebanhos est\u00e3o sendo mantidos em campos nativos e pastagens de milheto, capim sud\u00e3o, tifton e jiggs.<\/li>\n<p>&#13;<\/p>\n<li style=\"text-align: justify;\"><strong>Erechim:<\/strong> A baixa oferta de massa verde tem levado ao aumento do uso de volumosos conservados e ra\u00e7\u00f5es.<\/li>\n<p>&#13;<\/p>\n<li style=\"text-align: justify;\"><strong>Frederico Westphalen:<\/strong> O mercado segue aquecido, com valoriza\u00e7\u00e3o nos pre\u00e7os de abate e reposi\u00e7\u00e3o.<\/li>\n<p>&#13;<\/p>\n<li style=\"text-align: justify;\"><strong>Passo Fundo: <\/strong>A estiagem prejudicou o desempenho das pastagens, exigindo ajustes no manejo alimentar e maior aten\u00e7\u00e3o \u00e0 suplementa\u00e7\u00e3o.<\/li>\n<p>&#13;<\/p>\n<li style=\"text-align: justify;\"><strong>Pelotas: <\/strong>O calor acima de 30\u00b0C e a alta umidade impactaram negativamente os animais de origem europeia. O manejo est\u00e1 focado no controle de bicheiras e carrapatos.<\/li>\n<p>&#13;<\/p>\n<li style=\"text-align: justify;\"><strong>Porto Alegre:<\/strong> Apesar da estiagem, os rebanhos mant\u00eam boas condi\u00e7\u00f5es, com refor\u00e7o na suplementa\u00e7\u00e3o para compensar a escassez de pastagens de ver\u00e3o.<\/li>\n<p>&#13;<\/p>\n<li style=\"text-align: justify;\"><strong>Santa Rosa e Soledade:<\/strong> Os rebanhos est\u00e3o em per\u00edodo reprodutivo, com entouramento das matrizes. M\u00e9todos como monta natural, insemina\u00e7\u00e3o artificial e insemina\u00e7\u00e3o artificial em tempo fixo (IATF) s\u00e3o amplamente utilizados.<\/li>\n<p>&#13;<br \/>\n&#13;<br \/>\n&#13;\n<\/ul>\n<p style=\"text-align:justify\">O levantamento semanal de pre\u00e7os apontou um aumento de 1,21% no pre\u00e7o m\u00e9dio do boi, passando de R$ 10,74 para R$ 10,87\/kg vivo. J\u00e1 o pre\u00e7o da vaca para abate subiu 0,42%, de R$ 9,57 para R$ 9,61\/kg vivo.<\/p>\n<\/p><\/div>\n<\/p><\/div>\n<p><script data-cfasync=\"false\">\n    !function (f, b, e, v, n, t, s) {\n        if (f.fbq) return; n = f.fbq = function () {\n            n.callMethod ?\n                n.callMethod.apply(n, arguments) : n.queue.push(arguments)\n        };\n        if (!f._fbq) f._fbq = n; n.push = n; n.loaded = !0; n.version = '2.0';\n        n.queue = []; t = b.createElement(e); t.async = !0;\n        t.src = v; s = b.getElementsByTagName(e)[0];\n        s.parentNode.insertBefore(t, s)\n    }(window, document, 'script',\n        'https:\/\/connect.facebook.net\/en_US\/fbevents.js');\n    fbq('init', '522546078623747');\n    fbq('track', 'PageView');\n<\/script><br \/>\n<br \/><br \/>\n<br \/><a href=\"https:\/\/www.agrolink.com.br\/noticias\/pastagens-melhoram-com-chuvas--mas-acudes-seguem-baixos_498819.html\">Source link <\/a><\/p>\n","protected":false},"excerpt":{"rendered":"<p>&#13; Calor e chuvas irregulares impactam pecu\u00e1ria de corte&#13; &#13; Agrolink&#13; &#13; &#8211; Seane Lennon&#13; &#13; Publicado em 28\/01\/2025 \u00e0s<\/p>\n","protected":false},"author":1,"featured_media":7357,"comment_status":"open","ping_status":"open","sticky":false,"template":"","format":"standard","meta":{"_monsterinsights_skip_tracking":false,"_monsterinsights_sitenote_active":false,"_monsterinsights_sitenote_note":"","_monsterinsights_sitenote_category":0,"_uf_show_specific_survey":0,"_uf_disable_surveys":false,"footnotes":""},"categories":[8,1,14],"tags":[],"class_list":["post-8770","post","type-post","status-publish","format-standard","has-post-thumbnail","hentry","category-agro","category-news","category-politica-agro"],"_links":{"self":[{"href":"https:\/\/agromt.news\/index.php?rest_route=\/wp\/v2\/posts\/8770"}],"collection":[{"href":"https:\/\/agromt.news\/index.php?rest_route=\/wp\/v2\/posts"}],"about":[{"href":"https:\/\/agromt.news\/index.php?rest_route=\/wp\/v2\/types\/post"}],"author":[{"embeddable":true,"href":"https:\/\/agromt.news\/index.php?rest_route=\/wp\/v2\/users\/1"}],"replies":[{"embeddable":true,"href":"https:\/\/agromt.news\/index.php?rest_route=%2Fwp%2Fv2%2Fcomments&post=8770"}],"version-history":[{"count":0,"href":"https:\/\/agromt.news\/index.php?rest_route=\/wp\/v2\/posts\/8770\/revisions"}],"wp:featuredmedia":[{"embeddable":true,"href":"https:\/\/agromt.news\/index.php?rest_route=\/wp\/v2\/media\/7357"}],"wp:attachment":[{"href":"https:\/\/agromt.news\/index.php?rest_route=%2Fwp%2Fv2%2Fmedia&parent=8770"}],"wp:term":[{"taxonomy":"category","embeddable":true,"href":"https:\/\/agromt.news\/index.php?rest_route=%2Fwp%2Fv2%2Fcategories&post=8770"},{"taxonomy":"post_tag","embeddable":true,"href":"https:\/\/agromt.news\/index.php?rest_route=%2Fwp%2Fv2%2Ftags&post=8770"}],"curies":[{"name":"wp","href":"https:\/\/api.w.org\/{rel}","templated":true}]}}